{"id":39542,"date":"2024-01-29T18:00:19","date_gmt":"2024-01-29T17:00:19","guid":{"rendered":"https:\/\/le12.ma\/fr\/?p=39542"},"modified":"2024-01-29T17:46:27","modified_gmt":"2024-01-29T16:46:27","slug":"la-grande-tradition-culturelle-chinoise-a-lhonneur","status":"publish","type":"post","link":"https:\/\/le12.ma\/fr\/la-grande-tradition-culturelle-chinoise-a-lhonneur\/","title":{"rendered":"La grande tradition culturelle chinoise \u00e0 l&rsquo;honneur"},"content":{"rendered":"<h2>Dans le cadre des forts liens d&rsquo;amiti\u00e9 entre le Royaume du Maroc et la R\u00e9publique populaire de Chine et \u00e0 quelques jours de \u00ab l\u2019ann\u00e9e du Dragon \u00bb, la rue des <a href=\"https:\/\/le12.ma\/fr\/une-feuille-de-route-pour-enrichir-les-missions-des-17-consulats-du-maroc-en-france\/\">Consuls<\/a> et le Foundouk Ben Aicha au quartier historique des Oudayas de la capitale Rabat ont abrit\u00e9, du 22 au 27 janvier 2024, le \u00ab Carnaval du nouvel chinois \u00bb illustr\u00e9e par des activit\u00e9s culturelles et artistiques riches et diversifi\u00e9es.<\/h2>\n<p><strong>Plac\u00e9e sous l\u2019\u00e9gide du minist\u00e8re chinois de la culture et du tourisme et l\u2019ambassade de la R\u00e9publique populaire de Chine au Maroc, et organis\u00e9e en collaboration avec l\u2019association marocaine des pr\u00e9sidents des conseils des pr\u00e9fectures et des provinces, le conseil pr\u00e9fectoral de Rabat, le d\u00e9partement de la cuture et du tourisme de la province de Shaanxi et le centre d\u2019\u00e9changes culturelles internationales de la ville de Chengdu, cette manifestation culturelle et artistique a \u00e9t\u00e9 l\u2019occasion pour le public de la capitale des lumi\u00e8res, d\u2019\u00eatre au rendez-vous avec des spectacles de musique et d\u2019expressions artistiques et sportifs chinois. Elle a \u00e9t\u00e9, par ailleurs, une belle opportunit\u00e9 pour les visiteurs nationaux et \u00e9trangers pour la d\u00e9couverte du savoir-faire ancestral des artistes et des artisans d&rsquo;un pays grand ami du Maroc.<\/strong><\/p>\n<p><img decoding=\"async\" loading=\"lazy\" class=\"alignnone size-medium wp-image-39585\" src=\"https:\/\/le12.ma\/fr\/wp-content\/uploads\/2024\/01\/IMG-20240129-WA0072-300x225.jpg\" alt=\"\" width=\"300\" height=\"225\" srcset=\"https:\/\/le12.ma\/fr\/wp-content\/uploads\/2024\/01\/IMG-20240129-WA0072-300x225.jpg 300w, https:\/\/le12.ma\/fr\/wp-content\/uploads\/2024\/01\/IMG-20240129-WA0072-1024x768.jpg 1024w, https:\/\/le12.ma\/fr\/wp-content\/uploads\/2024\/01\/IMG-20240129-WA0072-768x576.jpg 768w, https:\/\/le12.ma\/fr\/wp-content\/uploads\/2024\/01\/IMG-20240129-WA0072-1536x1152.jpg 1536w, https:\/\/le12.ma\/fr\/wp-content\/uploads\/2024\/01\/IMG-20240129-WA0072.jpg 1600w\" sizes=\"(max-width: 300px) 100vw, 300px\" \/><\/p>\n<p><strong>Lors de la c\u00e9r\u00e9monie d&rsquo;ouverture et apr\u00e8s avoir adress\u00e9 ses remerciements aux autorit\u00e9s pr\u00e9fectorales et au pr\u00e9sident du conseil pr\u00e9fectoral de Rabat de s\u2019\u00eatre associ\u00e9 \u00e0 cette manifestation festive, M. Li Changlin, ambassadeur de la R\u00e9publique de Chine au Maroc a expliqu\u00e9 dans son allocution de bienvenue, que le nouvel an chinois marque le d\u00e9but de l\u2019ann\u00e9e du Dragon, symbole d\u2019autorit\u00e9, de pouvoir et de puissance. \u00ab Je saisis cette belle opportunit\u00e9, indique-t-il, pour souhaiter aux peuples marocain et chinois une ann\u00e9e de bonheur, de prosp\u00e9rit\u00e9 et de sant\u00e9 et qu\u2019elle soit porteuse d\u2019\u00e9l\u00e9ments positifs dans le processus d\u2019approfondissements des liens d\u2019amiti\u00e9 et de coop\u00e9ration entre nos deux pays. \u00bb M. Changlin a, par ailleurs, mis l\u2019accent sur l\u2019importance du renforcement des \u00e9changes culturels entre la Chine et le Maroc, un facteur essentiel, confirme-t-il, dans l\u2019ancrage des liens d\u2019amiti\u00e9 entre les deux peuples. Il a saisi l&rsquo;occasion pour exprimer la disposition de l\u2019ambassade de Chine au Maroc \u00e0 travailler en \u00e9troite collaboration avec les autorit\u00e9s marocaines aux niveaux national et local et les composantes de la soci\u00e9t\u00e9 civile concern\u00e9s en vue d\u2019approfondir davantage les relations culturelles maroco-chinoises . Il n&rsquo;a pas manqu\u00e9 de saluer, \u00e0 cet effet, la contribution et l\u2019implication de l\u2019association marocaine pour la coop\u00e9ration et l\u2019amiti\u00e9 entre les peuples et son pr\u00e9sident M. Hassan Ammari dans l\u2019organisation des \u00e9v\u00e9nements c\u00e9l\u00e9brant le nouvel an chinois.\u00a0<\/strong><\/p>\n<p><img decoding=\"async\" loading=\"lazy\" class=\"alignnone size-medium wp-image-39582\" src=\"https:\/\/le12.ma\/fr\/wp-content\/uploads\/2024\/01\/IMG-20240129-WA0069-300x225.jpg\" alt=\"\" width=\"300\" height=\"225\" srcset=\"https:\/\/le12.ma\/fr\/wp-content\/uploads\/2024\/01\/IMG-20240129-WA0069-300x225.jpg 300w, https:\/\/le12.ma\/fr\/wp-content\/uploads\/2024\/01\/IMG-20240129-WA0069-1024x768.jpg 1024w, https:\/\/le12.ma\/fr\/wp-content\/uploads\/2024\/01\/IMG-20240129-WA0069-768x576.jpg 768w, https:\/\/le12.ma\/fr\/wp-content\/uploads\/2024\/01\/IMG-20240129-WA0069-1536x1152.jpg 1536w, https:\/\/le12.ma\/fr\/wp-content\/uploads\/2024\/01\/IMG-20240129-WA0069.jpg 1600w\" sizes=\"(max-width: 300px) 100vw, 300px\" \/><\/p>\n<p><strong>Prenant la parole \u00e0 cette occasion, M. Sheng Yigun, directeur-adjoint du d\u00e9partement de la culture et du tourisme de la province de Shaanxi a, au d\u00e9but de son allocution, exprim\u00e9 sa joie de prendre part \u00e0 la c\u00e9r\u00e9monie d\u2019ouverture de la c\u00e9l\u00e9bration du nouvel an chinois \u00e0 la capitale du Royaume. Il a, par la suite, donn\u00e9 un aper\u00e7u sur l\u2019histoire et les atouts culturels et touristiques de la r\u00e9gion de Shaanxi et la ville de Chengdu consid\u00e9r\u00e9s, pr\u00e9cise-t-il, comme l\u2019un des berceaux de la civilisation et de la nation chinoises. Cette r\u00e9gion du territoire national chinois, r\u00e9v\u00e8le-t-il, constitue le point de d\u00e9part de l\u2019ancienne \u00ab Route de la soie \u00bb. \u00ab Au fil de l\u2019histoire cette province, dit-il, a contribu\u00e9 de mani\u00e8re significative \u00e0 donner naissance \u00e0 une culture de grande richesse, l\u00e9guant ainsi un patrimoine historique immat\u00e9riel de valeur inestimable. \u00bb<\/strong><\/p>\n<p><img decoding=\"async\" loading=\"lazy\" class=\"alignnone size-medium wp-image-39583\" src=\"https:\/\/le12.ma\/fr\/wp-content\/uploads\/2024\/01\/IMG-20240129-WA0071-300x225.jpg\" alt=\"\" width=\"300\" height=\"225\" srcset=\"https:\/\/le12.ma\/fr\/wp-content\/uploads\/2024\/01\/IMG-20240129-WA0071-300x225.jpg 300w, https:\/\/le12.ma\/fr\/wp-content\/uploads\/2024\/01\/IMG-20240129-WA0071-1024x768.jpg 1024w, https:\/\/le12.ma\/fr\/wp-content\/uploads\/2024\/01\/IMG-20240129-WA0071-768x576.jpg 768w, https:\/\/le12.ma\/fr\/wp-content\/uploads\/2024\/01\/IMG-20240129-WA0071-1536x1152.jpg 1536w, https:\/\/le12.ma\/fr\/wp-content\/uploads\/2024\/01\/IMG-20240129-WA0071.jpg 1600w\" sizes=\"(max-width: 300px) 100vw, 300px\" \/><\/p>\n<p><strong>De son c\u00f4t\u00e9, M. Abdelaziz Derouiche, pr\u00e9sident de l\u2019association marocaine des pr\u00e9sidents des <a href=\"https:\/\/le12.ma\/fr\/alerte-meteo-fortes-pluies-et-rafales-de-vent-dans-plusieurs-provinces-du-royaume\/\">conseils<\/a> des pr\u00e9fectures et des provinces et pr\u00e9sident du conseil pr\u00e9fectoral de Rabat a rappel\u00e9, dans une d\u00e9claration \u00e0 la presse, la charge symbolique et m\u00e9morielle de la rue des Consuls du quartier les Oudayas qui a \u00e9t\u00e9 restaur\u00e9e en 2018 pour devenir un haut lieu du patrimoine culturel de la capitale. \u00ab Notre collaboration avec l\u2019ambassade de Chine et le centre culturel chinois de Rabat, affirme-t-il, ne peut que consolider les relations diplomatiques entre le Royaume du Maroc et la R\u00e9publique populaire de Chine qui remontent \u00e0 65 ans et qui ont \u00e9t\u00e9 renforc\u00e9es lors de la visite de SM le Roi Mohammed VI en Chine en 2016 qui a donn\u00e9 une nouvelle impulsion \u00e0 la coop\u00e9ration bilat\u00e9rale dans tous les domaines. Le pr\u00e9sident du conseil pr\u00e9fectoral de Rabat a \u00e9galement tenu \u00e0 adresser ses vifs remerciements au wali de la r\u00e9gion de Rabat-Sal\u00e9-K\u00e9nitra pour son soutien pr\u00e9cieux \u00e0 cette originale initiative, tout en exprimant le souhait du conseil de contribuer \u00e0 l&rsquo;organisation d&rsquo;un tel \u00e9v\u00e9nement culturel et artistique lors des prochaines ann\u00e9es.<\/strong><\/p>\n<p><strong>A noter que durant les cinq jours du carnaval, les visiteurs nationaux et \u00e9trangers ont pu assister \u00e0 des spectacles de danse du dragon et du lion et \u00e0 des performances artistiques chinoises, ponctu\u00e9s d\u2019ateliers de cr\u00e9ation de figurines d\u2019argile, de th\u00e9\u00e2tre d\u2019ombres, de peinture, en plus d\u2019exhibitions de Kung-Fu et du mythique c\u00e9r\u00e9monial traditionnel de th\u00e9 chinois.<\/strong><\/p>\n<p><img decoding=\"async\" loading=\"lazy\" class=\"alignnone size-medium wp-image-39584\" src=\"https:\/\/le12.ma\/fr\/wp-content\/uploads\/2024\/01\/IMG-20240129-WA0070-1-300x225.jpg\" alt=\"\" width=\"300\" height=\"225\" srcset=\"https:\/\/le12.ma\/fr\/wp-content\/uploads\/2024\/01\/IMG-20240129-WA0070-1-300x225.jpg 300w, https:\/\/le12.ma\/fr\/wp-content\/uploads\/2024\/01\/IMG-20240129-WA0070-1-1024x768.jpg 1024w, https:\/\/le12.ma\/fr\/wp-content\/uploads\/2024\/01\/IMG-20240129-WA0070-1-768x576.jpg 768w, https:\/\/le12.ma\/fr\/wp-content\/uploads\/2024\/01\/IMG-20240129-WA0070-1-1536x1152.jpg 1536w, https:\/\/le12.ma\/fr\/wp-content\/uploads\/2024\/01\/IMG-20240129-WA0070-1.jpg 1600w\" sizes=\"(max-width: 300px) 100vw, 300px\" \/><\/p>\n<p><strong>Cet \u00e9v\u00e9nement haut en couleur s\u2019est achev\u00e9 en apoth\u00e9ose. Le public venu en grand nombre, \u00e0 la rue des Consuls, a eu l&rsquo;occasion d&rsquo;assister \u00e0 un grand spectacle artistique chinois compos\u00e9 de performances de danse et de musique traditionnelles et modernes chinoises, d&rsquo;une d\u00e9monstration d\u2019arts martiaux, d&rsquo;une c\u00e9r\u00e9monie acrobatique de th\u00e9 et des num\u00e9ros de changement de visages de l&rsquo;op\u00e9ra de Sishuan.<\/strong><\/p>\n","protected":false},"excerpt":{"rendered":"<p>Dans le cadre des forts liens d&rsquo;amiti\u00e9 entre le Royaume du Maroc et la R\u00e9publique populaire de Chine et \u00e0 quelques jours de \u00ab l\u2019ann\u00e9e du Dragon \u00bb, la rue des Consuls et le Foundouk Ben Aicha au quartier historique des Oudayas de la capitale Rabat ont abrit\u00e9, du 22 au 27 janvier 2024, le [&hellip;]<\/p>\n","protected":false},"author":2,"featured_media":39580,"comment_status":"open","ping_status":"open","sticky":false,"template":"","format":"standard","meta":[],"categories":[26,31,33],"tags":[13041,13042],"yst_prominent_words":[355],"jetpack_featured_media_url":"https:\/\/le12.ma\/fr\/wp-content\/uploads\/2024\/01\/IMG-20240129-WA0074.jpg","_links":{"self":[{"href":"https:\/\/le12.ma\/fr\/wp-json\/wp\/v2\/posts\/39542"}],"collection":[{"href":"https:\/\/le12.ma\/fr\/wp-json\/wp\/v2\/posts"}],"about":[{"href":"https:\/\/le12.ma\/fr\/wp-json\/wp\/v2\/types\/post"}],"author":[{"embeddable":true,"href":"https:\/\/le12.ma\/fr\/wp-json\/wp\/v2\/users\/2"}],"replies":[{"embeddable":true,"href":"https:\/\/le12.ma\/fr\/wp-json\/wp\/v2\/comments?post=39542"}],"version-history":[{"count":2,"href":"https:\/\/le12.ma\/fr\/wp-json\/wp\/v2\/posts\/39542\/revisions"}],"predecessor-version":[{"id":39587,"href":"https:\/\/le12.ma\/fr\/wp-json\/wp\/v2\/posts\/39542\/revisions\/39587"}],"wp:featuredmedia":[{"embeddable":true,"href":"https:\/\/le12.ma\/fr\/wp-json\/wp\/v2\/media\/39580"}],"wp:attachment":[{"href":"https:\/\/le12.ma\/fr\/wp-json\/wp\/v2\/media?parent=39542"}],"wp:term":[{"taxonomy":"category","embeddable":true,"href":"https:\/\/le12.ma\/fr\/wp-json\/wp\/v2\/categories?post=39542"},{"taxonomy":"post_tag","embeddable":true,"href":"https:\/\/le12.ma\/fr\/wp-json\/wp\/v2\/tags?post=39542"},{"taxonomy":"yst_prominent_words","embeddable":true,"href":"https:\/\/le12.ma\/fr\/wp-json\/wp\/v2\/yst_prominent_words?post=39542"}],"curies":[{"name":"wp","href":"https:\/\/api.w.org\/{rel}","templated":true}]}}