{"id":39513,"date":"2024-01-27T10:35:17","date_gmt":"2024-01-27T09:35:17","guid":{"rendered":"https:\/\/le12.ma\/fr\/?p=39513"},"modified":"2024-01-27T10:00:01","modified_gmt":"2024-01-27T09:00:01","slug":"siel-2024-les-inscriptions-ouvertes-aux-maisons-dedition-et-aux-institutions","status":"publish","type":"post","link":"https:\/\/le12.ma\/fr\/siel-2024-les-inscriptions-ouvertes-aux-maisons-dedition-et-aux-institutions\/","title":{"rendered":"SIEL 2024 : Les inscriptions ouvertes aux maisons d&rsquo;\u00e9dition et aux institutions"},"content":{"rendered":"<div id=\"contenu_article\" class=\"resume-article mb-4 text-left\">\n<h2><strong>Les inscriptions pour la participation au 29\u00e8 Salon international de l&rsquo;\u00e9dition et du livre (SIEL) sont ouvertes aux maisons d&rsquo;\u00e9dition et aux institutions souhaitant participer \u00e0 cette \u00e9dition qui se tiendra \u00e0 Rabat du 9 au 19 mai prochain, a annonc\u00e9 le minist\u00e8re de la Jeunesse, de la Culture et de la Communication.<\/strong><\/h2>\n<p><strong>Les parties souhaitant participer au 29\u00e8 SIEL dont les maisons d&rsquo;\u00e9dition et de distribution, les librairies et les institutions concern\u00e9es par le livre, sont appel\u00e9es \u00e0 soumettre leur demande par voie \u00e9lectronique sur le site officiel de l&rsquo;\u00e9v\u00e8nement : https:\/\/inscriptions.siel.ma\/, indique le minist\u00e8re dans un communiqu\u00e9.<\/strong><\/p>\n<p><strong>Les inscriptions sont ouvertes jusqu&rsquo;au 4 mars prochain, pr\u00e9cise la m\u00eame source.<\/strong><\/p>\n<p><strong>\u00c0 l&rsquo;instar des deux \u00e9ditions pr\u00e9c\u00e9dentes, le<a href=\"https:\/\/www.medi1news.com\/fr\/article\/306892.html\"> SIEL<\/a> 2024 sera organis\u00e9 \u00e0 l&rsquo;Espace OLM Souissi.<\/strong><\/p>\n<p><strong>Cet <a href=\"https:\/\/le12.ma\/fr\/revision-annuelle-des-listes-electorales-des-chambres-professionnelles-depot-des-nouvelles-demandes-dinscription\/\">\u00e9v\u00e9nement<\/a> culturel, initi\u00e9 auparavant dans la ville de Casablanca, a \u00e9t\u00e9 transf\u00e9r\u00e9 depuis sa 27\u00e8me \u00e9dition \u00e0 Rabat.<\/strong><\/p>\n<p><strong>En parall\u00e8le, une nouvelle manifestation culturelle internationale a \u00e9t\u00e9 programm\u00e9e au niveau de la capitale \u00e9conomique du Royaume, \u00e0 savoir le Salon International du Livre Enfant et Jeunesse, dont la premi\u00e8re \u00e9dition a eu lieu en novembre dernier.<\/strong><\/p>\n<\/div>\n","protected":false},"excerpt":{"rendered":"<p>Les inscriptions pour la participation au 29\u00e8 Salon international de l&rsquo;\u00e9dition et du livre (SIEL) sont ouvertes aux maisons d&rsquo;\u00e9dition et aux institutions souhaitant participer \u00e0 cette \u00e9dition qui se tiendra \u00e0 Rabat du 9 au 19 mai prochain, a annonc\u00e9 le minist\u00e8re de la Jeunesse, de la Culture et de la Communication. Les parties [&hellip;]<\/p>\n","protected":false},"author":2,"featured_media":39514,"comment_status":"open","ping_status":"open","sticky":false,"template":"","format":"standard","meta":[],"categories":[26,9268,54,24],"tags":[13017],"yst_prominent_words":[257,3835,181,3716,1003,148,5197,299],"jetpack_featured_media_url":"https:\/\/le12.ma\/fr\/wp-content\/uploads\/2024\/01\/SIEL.jpg","_links":{"self":[{"href":"https:\/\/le12.ma\/fr\/wp-json\/wp\/v2\/posts\/39513"}],"collection":[{"href":"https:\/\/le12.ma\/fr\/wp-json\/wp\/v2\/posts"}],"about":[{"href":"https:\/\/le12.ma\/fr\/wp-json\/wp\/v2\/types\/post"}],"author":[{"embeddable":true,"href":"https:\/\/le12.ma\/fr\/wp-json\/wp\/v2\/users\/2"}],"replies":[{"embeddable":true,"href":"https:\/\/le12.ma\/fr\/wp-json\/wp\/v2\/comments?post=39513"}],"version-history":[{"count":1,"href":"https:\/\/le12.ma\/fr\/wp-json\/wp\/v2\/posts\/39513\/revisions"}],"predecessor-version":[{"id":39515,"href":"https:\/\/le12.ma\/fr\/wp-json\/wp\/v2\/posts\/39513\/revisions\/39515"}],"wp:featuredmedia":[{"embeddable":true,"href":"https:\/\/le12.ma\/fr\/wp-json\/wp\/v2\/media\/39514"}],"wp:attachment":[{"href":"https:\/\/le12.ma\/fr\/wp-json\/wp\/v2\/media?parent=39513"}],"wp:term":[{"taxonomy":"category","embeddable":true,"href":"https:\/\/le12.ma\/fr\/wp-json\/wp\/v2\/categories?post=39513"},{"taxonomy":"post_tag","embeddable":true,"href":"https:\/\/le12.ma\/fr\/wp-json\/wp\/v2\/tags?post=39513"},{"taxonomy":"yst_prominent_words","embeddable":true,"href":"https:\/\/le12.ma\/fr\/wp-json\/wp\/v2\/yst_prominent_words?post=39513"}],"curies":[{"name":"wp","href":"https:\/\/api.w.org\/{rel}","templated":true}]}}