{"id":39339,"date":"2024-01-22T14:00:23","date_gmt":"2024-01-22T13:00:23","guid":{"rendered":"https:\/\/le12.ma\/fr\/?p=39339"},"modified":"2024-01-22T16:43:03","modified_gmt":"2024-01-22T15:43:03","slug":"qualification-historique-de-lequipe-nationale-u20-a-la-coupe-du-monde","status":"publish","type":"post","link":"https:\/\/le12.ma\/fr\/qualification-historique-de-lequipe-nationale-u20-a-la-coupe-du-monde\/","title":{"rendered":"Qualification historique de l&rsquo;\u00e9quipe nationale U20 \u00e0 la Coupe du monde"},"content":{"rendered":"<h2 class=\"node-tpl-ville-accroche\"><strong>Apr\u00e8s leurs a\u00een\u00e9es de l&rsquo;\u00e9quipe \u00ab\u00a0A\u00a0\u00bb, les joueuses de la s\u00e9lection nationale f\u00e9minine de football U20, ont sign\u00e9, \u00e0 leur tour, une qualification historique \u00e0 la Coupe du monde, dimanche \u00e0 Addis-Abeba, aux d\u00e9pens de l&rsquo;Ethiopie.<\/strong><\/h2>\n<div class=\"node-tpl-corps\">\n<p><strong>Malgr\u00e9 sa d\u00e9faite au <a href=\"https:\/\/www.mapnews.ma\/fr\/actualites\/sport\/football-f%C3%A9minin-qualification-historique-de-l%C3%A9quipe-nationale-u20-%C3%A0-la-coupe-du\">match<\/a> retour du quatri\u00e8me et dernier tour des \u00e9liminatoires africaines du Mondial Colombie-2024 face \u00e0 son homologue \u00e9thiopienne, l&rsquo;\u00e9quipe du Maroc a arrach\u00e9 la qualification gr\u00e2ce \u00e0 sa pr\u00e9cieuse victoire (2-0) en aller, au stade El Abdi \u00e0 El Jadida.<\/strong><\/p>\n<p><strong>Suivant les traces des Lionnes de l&rsquo;Atlas, qui se sont qualifi\u00e9es pour la premi\u00e8re fois de leur histoire au Mondial (Australie et Nouvelle-Z\u00e9lande\/2023), apr\u00e8s avoir \u00e9t\u00e9 vice-championnes d&rsquo;Afrique (CAN-2022), o\u00f9 elles ont sign\u00e9 un parcours brillant avec \u00e0 la cl\u00e9 une qualification en huiti\u00e8mes de finale, les joueuses de l&rsquo;\u00e9quipe nationale U20 comptent \u00e9galement s&rsquo;illustrer lors de la Coupe du monde de la cat\u00e9gorie, pr\u00e9vue du 31 ao\u00fbt au 22 septembre prochains en Colombie.<\/strong><\/p>\n<p><strong>Cet exploit historique de l&rsquo;\u00e9quipe nationale f\u00e9minine U20, vient confirmer encore une fois que le football f\u00e9minin au Maroc conna\u00eet un essor remarquable, avec de brillantes performances sur les sc\u00e8nes continentale et internationale, \u00e0 l&rsquo;instar de la participation des Lionnes de l&rsquo;Atlas \u00e0 la Coupe du monde 2023 et leur finale \u00e0 la CAN-2022, la victoire de l&rsquo;AS FAR f\u00e9minine \u00e0 la Ligue des Champions d&rsquo;Afrique, ou encore la participation de l&rsquo;\u00e9quipe f\u00e9minine U17 \u00e0 la Coupe du Monde en Inde.<\/strong><\/p>\n<p><strong>La belle dynamique que connait actuellement le football f\u00e9minin marocain n&rsquo;est nullement le fruit du hasard mais d&rsquo;un travail de longue haleine et d&rsquo;actions concr\u00e8tes mises en place par la F\u00e9d\u00e9ration Royale Marocaine de Football (FRMF), conform\u00e9ment \u00e0 la Vision clairvoyante de SM le Roi Mohammed VI.<\/strong><\/p>\n<p><strong>Mis en \u0153uvre en 2020 suite \u00e0 la <a href=\"https:\/\/le12.ma\/fr\/un-serpent-interrompu-un-match-des-qualifications-du-tournoi-atp-de-brisbane\/\">signature<\/a> du Plan de d\u00e9veloppement du football f\u00e9minin au Maroc 2020-2024, le chantier visant la promotion de cette discipline a rapidement donn\u00e9 des r\u00e9sultats. La professionnalisation du championnat national, sous la houlette de la FRMF, qui aspire \u00e0 atteindre 90.000 licenci\u00e9es d&rsquo;ici 2024, a permis d&rsquo;ailleurs au football f\u00e9minin national, de franchir un palier important et de s&rsquo;imposer comme un mod\u00e8le \u00e0 l&rsquo;\u00e9chelle africaine.<\/strong><\/p>\n<p><strong>En plus du soutien financier cons\u00e9quent aux clubs et aux ligues r\u00e9gionales, un int\u00e9r\u00eat particulier a \u00e9t\u00e9 accord\u00e9 \u00e0 la mise en place d&rsquo;installations et d&rsquo;infrastructures de qualit\u00e9. La FRMF a \u00e9galement veill\u00e9 \u00e0 mener des projets de d\u00e9tection des talents dans les diff\u00e9rentes r\u00e9gions du Royaume, tout en s&rsquo;attelant au renforcement des comp\u00e9tences des cadres techniques nationaux.<\/strong><\/p>\n<p><strong>Apr\u00e8s les r\u00e9cents exploits du football national f\u00e9minin, le Maroc, qui s&rsquo;appr\u00eate \u00e0 accueillir, cette ann\u00e9e, la CAN f\u00e9minine pour la 2\u00e8me fois cons\u00e9cutive, nourrit de grandes ambitions pour cette discipline en continuant \u00e0 s&rsquo;illustrer dans les diff\u00e9rentes comp\u00e9titions continentales et internationales.<\/strong><\/p>\n<\/div>\n","protected":false},"excerpt":{"rendered":"<p>Apr\u00e8s leurs a\u00een\u00e9es de l&rsquo;\u00e9quipe \u00ab\u00a0A\u00a0\u00bb, les joueuses de la s\u00e9lection nationale f\u00e9minine de football U20, ont sign\u00e9, \u00e0 leur tour, une qualification historique \u00e0 la Coupe du monde, dimanche \u00e0 Addis-Abeba, aux d\u00e9pens de l&rsquo;Ethiopie. Malgr\u00e9 sa d\u00e9faite au match retour du quatri\u00e8me et dernier tour des \u00e9liminatoires africaines du Mondial Colombie-2024 face \u00e0 [&hellip;]<\/p>\n","protected":false},"author":2,"featured_media":39340,"comment_status":"open","ping_status":"open","sticky":false,"template":"","format":"standard","meta":[],"categories":[26,54,27],"tags":[7879,12947],"yst_prominent_words":[2422,4987,2454,4991,564,2442,2093,3135,69,3059,258,310],"jetpack_featured_media_url":"https:\/\/le12.ma\/fr\/wp-content\/uploads\/2024\/01\/u20.jpg","_links":{"self":[{"href":"https:\/\/le12.ma\/fr\/wp-json\/wp\/v2\/posts\/39339"}],"collection":[{"href":"https:\/\/le12.ma\/fr\/wp-json\/wp\/v2\/posts"}],"about":[{"href":"https:\/\/le12.ma\/fr\/wp-json\/wp\/v2\/types\/post"}],"author":[{"embeddable":true,"href":"https:\/\/le12.ma\/fr\/wp-json\/wp\/v2\/users\/2"}],"replies":[{"embeddable":true,"href":"https:\/\/le12.ma\/fr\/wp-json\/wp\/v2\/comments?post=39339"}],"version-history":[{"count":1,"href":"https:\/\/le12.ma\/fr\/wp-json\/wp\/v2\/posts\/39339\/revisions"}],"predecessor-version":[{"id":39341,"href":"https:\/\/le12.ma\/fr\/wp-json\/wp\/v2\/posts\/39339\/revisions\/39341"}],"wp:featuredmedia":[{"embeddable":true,"href":"https:\/\/le12.ma\/fr\/wp-json\/wp\/v2\/media\/39340"}],"wp:attachment":[{"href":"https:\/\/le12.ma\/fr\/wp-json\/wp\/v2\/media?parent=39339"}],"wp:term":[{"taxonomy":"category","embeddable":true,"href":"https:\/\/le12.ma\/fr\/wp-json\/wp\/v2\/categories?post=39339"},{"taxonomy":"post_tag","embeddable":true,"href":"https:\/\/le12.ma\/fr\/wp-json\/wp\/v2\/tags?post=39339"},{"taxonomy":"yst_prominent_words","embeddable":true,"href":"https:\/\/le12.ma\/fr\/wp-json\/wp\/v2\/yst_prominent_words?post=39339"}],"curies":[{"name":"wp","href":"https:\/\/api.w.org\/{rel}","templated":true}]}}