{"id":39190,"date":"2024-01-18T11:00:15","date_gmt":"2024-01-18T10:00:15","guid":{"rendered":"https:\/\/le12.ma\/fr\/?p=39190"},"modified":"2024-01-18T10:45:20","modified_gmt":"2024-01-18T09:45:20","slug":"alerte-meteo-fortes-pluies-et-rafales-de-vent-dans-plusieurs-provinces-du-royaume","status":"publish","type":"post","link":"https:\/\/le12.ma\/fr\/alerte-meteo-fortes-pluies-et-rafales-de-vent-dans-plusieurs-provinces-du-royaume\/","title":{"rendered":"Alerte M\u00e9t\u00e9o : fortes pluies et rafales de vent dans plusieurs provinces du Royaume"},"content":{"rendered":"<h2><strong>De fortes pluies localement orageuses (25-70mm) et de fortes rafales de vent (70-95 km\/h) avec chasse-poussi\u00e8res sont attendues vendredi dans plusieurs provinces du Royaume, a annonc\u00e9 jeudi la Direction g\u00e9n\u00e9rale de la m\u00e9t\u00e9orologie (DGM). <\/strong><\/h2>\n<p><strong><a href=\"https:\/\/snrtnews.com\/fr\/article\/alerte-meteo-fortes-pluies-localement-orageuses-et-rafales-de-vent-vendredi-dans-plusieurs\">Ces fortes<\/a> pluies int\u00e9resseront, vendredi de 04h \u00e0 21h, les provinces de T\u00e9touan, Chefchaouen et Al Hoceima (40 &#8211; 70 mm) et les provinces de Ouezzane, Larache, Taounate, Taza, Tanger-Assilah, Fahs-Anjra et M&rsquo;Diq-Fnideq (25 &#8211; 40 mm), a pr\u00e9cis\u00e9 la DGM dans un bulletin sp\u00e9cial (niveau de vigilance orange).<\/strong><\/p>\n<p><strong>De fortes rafales de vent avec chasse-poussi\u00e8res (70\/95 km\/h) sont \u00e9galement pr\u00e9vues, dans les <a href=\"https:\/\/le12.ma\/fr\/alerte-meteo-appel-a-la-vigilance-sur-les-routes\/\">provinces<\/a> d&rsquo;Azilal, Al Haouz et Chichaoua, vendredi de 00h \u00e0 14h, indique la DGM. Les provinces de Larache, M&rsquo;Diq-Fnideq, Fahs-Anjra, Ouezzane, Tanger-Assilah, El Hajeb, Mekn\u00e8s, F\u00e8s, Moulay Yacoub, Taounate, Sal\u00e9, Rabat, Skhirate-T\u00e9mara, Kenitra, Sidi Slimane, Sidi Kacem, Khemisset, Mediouna, Casablanca, Benslimane, Mohammadia, Nouaceur, Kh\u00e9nifra, Ifrane, Sefrou et Errachidia seront aussi concern\u00e9es par ces fortes rafales, le m\u00eame jour de 04h \u00e0 18h. Les fortes rafales de vent avec chasse-poussi\u00e8res sont attendues \u00e9galement dans les provinces de Chefchaouen, Al Hoceima, T\u00e9touan, Nador, Berkane, Figuig, Driouch, Jerada, Oujda-Angad, Taourirt, Guercif, Boulemane, Taza, Midelt, Ouarzazate et Tinghir, vendredi de 04h \u00e0 24h, et \u00e0 Aousserd et Oued Ed-Dahab, de 12h \u00e0 24h.<\/strong><\/p>\n","protected":false},"excerpt":{"rendered":"<p>De fortes pluies localement orageuses (25-70mm) et de fortes rafales de vent (70-95 km\/h) avec chasse-poussi\u00e8res sont attendues vendredi dans plusieurs provinces du Royaume, a annonc\u00e9 jeudi la Direction g\u00e9n\u00e9rale de la m\u00e9t\u00e9orologie (DGM). Ces fortes pluies int\u00e9resseront, vendredi de 04h \u00e0 21h, les provinces de T\u00e9touan, Chefchaouen et Al Hoceima (40 &#8211; 70 mm) [&hellip;]<\/p>\n","protected":false},"author":2,"featured_media":29646,"comment_status":"open","ping_status":"open","sticky":false,"template":"","format":"standard","meta":[],"categories":[26,54,24],"tags":[10699,12892],"yst_prominent_words":[3831,138,5387,1241,783,779,781],"jetpack_featured_media_url":"https:\/\/le12.ma\/fr\/wp-content\/uploads\/2022\/12\/\u0623\u0645\u0637\u0627\u0631-4.jpg","_links":{"self":[{"href":"https:\/\/le12.ma\/fr\/wp-json\/wp\/v2\/posts\/39190"}],"collection":[{"href":"https:\/\/le12.ma\/fr\/wp-json\/wp\/v2\/posts"}],"about":[{"href":"https:\/\/le12.ma\/fr\/wp-json\/wp\/v2\/types\/post"}],"author":[{"embeddable":true,"href":"https:\/\/le12.ma\/fr\/wp-json\/wp\/v2\/users\/2"}],"replies":[{"embeddable":true,"href":"https:\/\/le12.ma\/fr\/wp-json\/wp\/v2\/comments?post=39190"}],"version-history":[{"count":1,"href":"https:\/\/le12.ma\/fr\/wp-json\/wp\/v2\/posts\/39190\/revisions"}],"predecessor-version":[{"id":39191,"href":"https:\/\/le12.ma\/fr\/wp-json\/wp\/v2\/posts\/39190\/revisions\/39191"}],"wp:featuredmedia":[{"embeddable":true,"href":"https:\/\/le12.ma\/fr\/wp-json\/wp\/v2\/media\/29646"}],"wp:attachment":[{"href":"https:\/\/le12.ma\/fr\/wp-json\/wp\/v2\/media?parent=39190"}],"wp:term":[{"taxonomy":"category","embeddable":true,"href":"https:\/\/le12.ma\/fr\/wp-json\/wp\/v2\/categories?post=39190"},{"taxonomy":"post_tag","embeddable":true,"href":"https:\/\/le12.ma\/fr\/wp-json\/wp\/v2\/tags?post=39190"},{"taxonomy":"yst_prominent_words","embeddable":true,"href":"https:\/\/le12.ma\/fr\/wp-json\/wp\/v2\/yst_prominent_words?post=39190"}],"curies":[{"name":"wp","href":"https:\/\/api.w.org\/{rel}","templated":true}]}}