{"id":39024,"date":"2024-01-15T09:00:40","date_gmt":"2024-01-15T08:00:40","guid":{"rendered":"https:\/\/le12.ma\/fr\/?p=39024"},"modified":"2024-01-15T08:50:52","modified_gmt":"2024-01-15T07:50:52","slug":"ceremonie-grandiose-a-loccasion-de-la-nouvel-an-amazigh","status":"publish","type":"post","link":"https:\/\/le12.ma\/fr\/ceremonie-grandiose-a-loccasion-de-la-nouvel-an-amazigh\/","title":{"rendered":"C\u00e9r\u00e9monie grandiose \u00e0 l&rsquo;occasion de la nouvel an amazigh"},"content":{"rendered":"<h2><strong>Une c\u00e9r\u00e9monie grandiose a \u00e9t\u00e9 organis\u00e9e, dimanche \u00e0 Rabat, par le minist\u00e8re de la Jeunesse, de la culture et de la communication, \u00e0 l&rsquo;occasion de la c\u00e9l\u00e9bration du Nouvel an amazigh 2974, en pr\u00e9sence du Chef du gouvernement, Aziz Akhannouch.<\/strong><\/h2>\n<blockquote class=\"twitter-tweet\" data-width=\"500\" data-dnt=\"true\">\n<p lang=\"ar\" dir=\"rtl\">\u0627\u062d\u062a\u0641\u0627\u0644\u064a\u0629 \u0631\u0623\u0633 \u0627\u0644\u0633\u0646\u0629 \u0627\u0644\u0623\u0645\u0627\u0632\u064a\u063a\u064a\u0629 2974<\/p>\n<p>\u0628\u0645\u0646\u0627\u0633\u0628\u0629 \u0631\u0623\u0633 \u0627\u0644\u0633\u0646\u0629 \u0627\u0644\u0623\u0645\u0627\u0632\u064a\u063a\u064a\u0629 \u0646\u0638\u0645\u062a \u0627\u0644\u0648\u0632\u0627\u0631\u0629 \u0627\u062d\u062a\u0641\u0627\u0644\u064a\u0629 \u0643\u0628\u0631\u0649 \u0628\u0645\u0633\u0631\u062d \u0645\u062d\u0645\u062f \u0627\u0644\u062e\u0627\u0645\u0633\u060c \u0648\u0642\u062f \u0623\u0634\u0631\u0641 \u0627\u0644\u0633\u064a\u062f \u0627\u0644\u0648\u0632\u064a\u0631 \u0625\u0644\u0649 \u062c\u0627\u0646\u0628 \u0631\u0626\u064a\u0633 \u0627\u0644\u062d\u0643\u0648\u0645\u0629\u060c \u0627\u0644\u0633\u064a\u062f \u0639\u0632\u064a\u0632 \u0623\u062e\u0646\u0648\u0634\u060c \u0639\u0644\u0649 \u0647\u0630\u0627 \u0627\u0644\u0627\u0641\u062a\u062a\u0627\u062d \u0628\u062d\u0636\u0648\u0631 \u0639\u062f\u062f \u0645\u0646 \u0648\u0632\u0631\u0627\u0621 \u0627\u0644\u062d\u0643\u0648\u0645\u0629 \u0648\u0648\u0627\u0644\u064a \u0627\u0644\u062c\u0647\u0629\u060c \u0648\u0631\u0626\u064a\u0633 \u0645\u062c\u0644\u0633 \u0627\u0644\u062c\u0647\u0629 \u0648\u0645\u0645\u062b\u0644\u064a \u0627\u0644\u0628\u0639\u062b\u0627\u062a \u0627\u0644\u062f\u064a\u0628\u0644\u0648\u0645\u0627\u0633\u064a\u0629. <a href=\"https:\/\/t.co\/SKN7aP7L4g\">pic.twitter.com\/SKN7aP7L4g<\/a><\/p>\n<p>&mdash; MJCC \u0648\u0632\u0627\u0631\u0629 \u0627\u0644\u0634\u0628\u0627\u0628 \u0648\u0627\u0644\u062b\u0642\u0627\u0641\u0629 \u0648\u0627\u0644\u062a\u0648\u0627\u0635\u0644 (@mjcc_gov) <a href=\"https:\/\/twitter.com\/mjcc_gov\/status\/1746640889718419577?ref_src=twsrc%5Etfw\">January 14, 2024<\/a><\/p><\/blockquote>\n<p><script async src=\"https:\/\/platform.twitter.com\/widgets.js\" charset=\"utf-8\"><\/script><\/p>\n<p><strong>Cette c\u00e9r\u00e9monie, qui a eu lieu au Th\u00e9\u00e2tre Mohammed V, a \u00e9t\u00e9 rehauss\u00e9e par la pr\u00e9sence des membres du gouvernement, des personnalit\u00e9s du monde de la politique, des droits de l\u2019homme, et des m\u00e9dias, des repr\u00e9sentants de missions diplomatiques, et d\u2019un public nombreux venu c\u00e9l\u00e9brer une tradition mill\u00e9naire, profond\u00e9ment enracin\u00e9e dans le patrimoine culturel national.<\/strong><\/p>\n<p><strong>A cette occasion, l\u2019assistance a suivi un film retra\u00e7ant les \u00e9tapes phares ayant jalonn\u00e9 le processus de promotion de l\u2019Amazighe en tant que composante essentielle et partie int\u00e9grante de l\u2019identit\u00e9 nationale.<\/strong><\/p>\n<p><strong>Cette c\u00e9r\u00e9monie a \u00e9t\u00e9 ponctu\u00e9e de prestations artistiques et musicales, interpr\u00e9t\u00e9es avec brio par des figures de la musique amazighe, classique et moderne, \u00e0 l\u2019instar de Raissa Fatima Tihihit, Kawtar Barani, Mimoune Rifi, Ahmed Soltane, Houssa 46 et Aicha Maya, en plus de chants, danses et m\u00e9lodies authentiques puis\u00e9s dans le folklore populaire amazigh.<\/strong><\/p>\n<p><strong>Outre la pr\u00e9sentation de produits d\u2019artisanat refl\u00e9tant la richesse et la diversit\u00e9 du patrimoine amazigh marocain, cette c\u00e9r\u00e9monie a \u00e9t\u00e9 marqu\u00e9e par un hommage posthume rendu au mythe de la chanson amazighe, Mohamed Rouicha.<\/strong><\/p>\n<p><strong>Le ministre de la Jeunesse, de la culture et de la communication, Mohamed Mahdi Bensaid, a indiqu\u00e9, \u00e0 cette occasion, que le minist\u00e8re n&rsquo;a m\u00e9nag\u00e9 aucun effort pour assurer une c\u00e9l\u00e9bration \u00e0 la hauteur de cet \u00e9v\u00e9nement, relevant que cette manifestation est une reconnaissance du r\u00f4le culturel de l&rsquo;art amazigh dans ses diff\u00e9rentes dimensions au niveau des diff\u00e9rentes r\u00e9gions du Royaume.<\/strong><\/p>\n<p><strong>Dans une d\u00e9claration \u00e0 la presse, M. Bensaid a relev\u00e9 que les festivit\u00e9s marquant la c\u00e9l\u00e9bration du nouvel an amazigh illustre une nouvelle fois l\u2019engagement du gouvernement, conform\u00e9ment aux Hautes instructions de SM le Roi Mohammed VI, \u00e0 donner une forte impulsion aux secteurs artistique et culturel.<\/strong><\/p>\n<p><strong>Il a, par la m\u00eame occasion, r\u00e9it\u00e9r\u00e9 la d\u00e9termination du minist\u00e8re de la Jeunesse, de la culture et de la communication, \u00e0 continuer \u00e0 oeuvrer pour la cons\u00e9cration de la pr\u00e9sence de la culture amazighe et la pr\u00e9servation de l\u2019h\u00e9ritage culturel amazigh.<\/strong><\/p>\n<p><strong>La c\u00e9l\u00e9bration du nouvel an amazigh, qui intervient suite \u00e0 la d\u00e9cision de Sa Majest\u00e9 le Roi Mohammed VI d&rsquo;instaurer ce jour f\u00e9ri\u00e9 national officiel pay\u00e9, a donn\u00e9 lieu \u00e0 diverses activit\u00e9s, organis\u00e9es dans plusieurs provinces du Royaume, une occasion de revisiter et c\u00e9l\u00e9brer les us et coutumes li\u00e9s \u00e0 un segment important du patrimoine culturel national.<\/strong><\/p>\n","protected":false},"excerpt":{"rendered":"<p>Une c\u00e9r\u00e9monie grandiose a \u00e9t\u00e9 organis\u00e9e, dimanche \u00e0 Rabat, par le minist\u00e8re de la Jeunesse, de la culture et de la communication, \u00e0 l&rsquo;occasion de la c\u00e9l\u00e9bration du Nouvel an amazigh 2974, en pr\u00e9sence du Chef du gouvernement, Aziz Akhannouch. Cette c\u00e9r\u00e9monie, qui a eu lieu au Th\u00e9\u00e2tre Mohammed V, a \u00e9t\u00e9 rehauss\u00e9e par la [&hellip;]<\/p>\n","protected":false},"author":2,"featured_media":39026,"comment_status":"open","ping_status":"open","sticky":false,"template":"","format":"standard","meta":[],"categories":[26,24],"tags":[12850],"yst_prominent_words":[5875,583,263,1490,368,1484,734],"jetpack_featured_media_url":"https:\/\/le12.ma\/fr\/wp-content\/uploads\/2024\/01\/nouvel-an.jpg","_links":{"self":[{"href":"https:\/\/le12.ma\/fr\/wp-json\/wp\/v2\/posts\/39024"}],"collection":[{"href":"https:\/\/le12.ma\/fr\/wp-json\/wp\/v2\/posts"}],"about":[{"href":"https:\/\/le12.ma\/fr\/wp-json\/wp\/v2\/types\/post"}],"author":[{"embeddable":true,"href":"https:\/\/le12.ma\/fr\/wp-json\/wp\/v2\/users\/2"}],"replies":[{"embeddable":true,"href":"https:\/\/le12.ma\/fr\/wp-json\/wp\/v2\/comments?post=39024"}],"version-history":[{"count":1,"href":"https:\/\/le12.ma\/fr\/wp-json\/wp\/v2\/posts\/39024\/revisions"}],"predecessor-version":[{"id":39027,"href":"https:\/\/le12.ma\/fr\/wp-json\/wp\/v2\/posts\/39024\/revisions\/39027"}],"wp:featuredmedia":[{"embeddable":true,"href":"https:\/\/le12.ma\/fr\/wp-json\/wp\/v2\/media\/39026"}],"wp:attachment":[{"href":"https:\/\/le12.ma\/fr\/wp-json\/wp\/v2\/media?parent=39024"}],"wp:term":[{"taxonomy":"category","embeddable":true,"href":"https:\/\/le12.ma\/fr\/wp-json\/wp\/v2\/categories?post=39024"},{"taxonomy":"post_tag","embeddable":true,"href":"https:\/\/le12.ma\/fr\/wp-json\/wp\/v2\/tags?post=39024"},{"taxonomy":"yst_prominent_words","embeddable":true,"href":"https:\/\/le12.ma\/fr\/wp-json\/wp\/v2\/yst_prominent_words?post=39024"}],"curies":[{"name":"wp","href":"https:\/\/api.w.org\/{rel}","templated":true}]}}