{"id":3897,"date":"2020-09-17T14:05:20","date_gmt":"2020-09-17T13:05:20","guid":{"rendered":"https:\/\/le12.ma\/fr\/?p=3897"},"modified":"2020-09-17T13:57:46","modified_gmt":"2020-09-17T12:57:46","slug":"la-fnm-organise-des-expositions-dans-lensemble-de-ses-musees-pour-celebrer-la-vie","status":"publish","type":"post","link":"https:\/\/le12.ma\/fr\/la-fnm-organise-des-expositions-dans-lensemble-de-ses-musees-pour-celebrer-la-vie\/","title":{"rendered":"La FNM organise des expositions dans l\u2019ensemble de ses mus\u00e9es \u201cpour c\u00e9l\u00e9brer la vie\u201d"},"content":{"rendered":"<p><span style=\"color: #ff0000;\"><strong>Rabat \u2013le12<\/strong><\/span><\/p>\n<p><strong>\u00a0La Fondation nationale des mus\u00e9es (FNM) organisent des expositions dans l\u2019ensemble de ses mus\u00e9es, dans le respect des mesures sanitaires, et ce dans le but de \u201cc\u00e9l\u00e9brer la vie et apporter la lumi\u00e8re en cette p\u00e9riode marqu\u00e9e par la pand\u00e9mie\u201d, indique la FNM dans un communiqu\u00e9 jeudi.<\/strong><\/p>\n<p><strong>Ainsi, une exposition temporaire intitul\u00e9e \u201cHistoire et civilisations du Maroc\u201d a eu lieu le 7 septembre au Mus\u00e9e de l\u2019Histoire et des civilisations \u00e0 Rabat, alors qu\u2019une autre intitul\u00e9e \u201cGharbaoui. L\u2019envol des racines\u201d est pr\u00e9vue du 23 septembre au 8 f\u00e9vrier 2021 au Mus\u00e9e Mohammed VI d\u2019art moderne et contemporain de Rabat.<\/strong><\/p>\n<p><strong>Du 1er octobre au 10 janvier 2021, une exposition intitul\u00e9e \u201cDu fil au sel, de l\u2019Afrique subsaharienne au Maroc\u201d sera organis\u00e9e au Mus\u00e9e des Confluences Dar El Bacha \u00e0 Marrakech, rel\u00e8ve la m\u00eame source, ajoutant que le Mus\u00e9e national de la C\u00e9ramique \u00e0 Safi abritera, du 13 octobre au 11 janvier 2021, l\u2019exposition \u201cCentenaire du Ma\u00eetre c\u00e9ramiste Boujem\u00e2a Lamali (1919-2019), de la 1\u00e8re \u00e9cole de c\u00e9ramique au Maroc et en Afrique (1920-2020)\u201d.<\/strong><\/p>\n<p><strong>Dans la m\u00eame veine, le Mus\u00e9e Mohammed VI d\u2019art moderne et contemporain de Rabat accueillera du 21 octobre au 20 janvier 2021 l\u2019exposition \u201cEntr\u00e9e en mati\u00e8re \u2013 R\u00e9trospective Fouad Bellamine\u201d.<\/strong><\/p>\n<p><strong>Selon le communiqu\u00e9, tout un corps est mobilis\u00e9 pour transmettre aux Marocains un message d\u2019espoir \u00e0 travers la culture, un \u201crempart contre toutes formes d\u2019obscurit\u00e9\u201d.<\/strong><\/p>\n<p><strong>Par ailleurs, la FNM a \u201cmis la r\u00e9novation des mus\u00e9es au c\u0153ur de ses priorit\u00e9s pour en faire des lieux de culture attractifs qui pr\u00e9servent notre patrimoine\u201d, indique le document, notant que le Mus\u00e9e de la Musique \u00e0 Mekn\u00e8s et le Mus\u00e9e ethnographique Bab Okla \u00e0 T\u00e9touan, r\u00e9cemment r\u00e9nov\u00e9s, seront ouverts.<\/strong><\/p>\n<p><strong>Prochainement \u00e0 Tanger sera inaugur\u00e9 un nouveau mus\u00e9e d\u2019art \u00e0 la villa Harris, conclut la source.<\/strong><\/p>\n","protected":false},"excerpt":{"rendered":"<p>Rabat \u2013le12 \u00a0La Fondation nationale des mus\u00e9es (FNM) organisent des expositions dans l\u2019ensemble de ses mus\u00e9es, dans le respect des mesures sanitaires, et ce dans le but de \u201cc\u00e9l\u00e9brer la vie et apporter la lumi\u00e8re en cette p\u00e9riode marqu\u00e9e par la pand\u00e9mie\u201d, indique la FNM dans un communiqu\u00e9 jeudi. Ainsi, une exposition temporaire intitul\u00e9e \u201cHistoire [&hellip;]<\/p>\n","protected":false},"author":4,"featured_media":3898,"comment_status":"open","ping_status":"open","sticky":false,"template":"","format":"standard","meta":[],"categories":[26,31],"tags":[],"yst_prominent_words":[4183,2842,1490,1459],"jetpack_featured_media_url":"https:\/\/le12.ma\/fr\/wp-content\/uploads\/2020\/09\/269000065_4.jpg","_links":{"self":[{"href":"https:\/\/le12.ma\/fr\/wp-json\/wp\/v2\/posts\/3897"}],"collection":[{"href":"https:\/\/le12.ma\/fr\/wp-json\/wp\/v2\/posts"}],"about":[{"href":"https:\/\/le12.ma\/fr\/wp-json\/wp\/v2\/types\/post"}],"author":[{"embeddable":true,"href":"https:\/\/le12.ma\/fr\/wp-json\/wp\/v2\/users\/4"}],"replies":[{"embeddable":true,"href":"https:\/\/le12.ma\/fr\/wp-json\/wp\/v2\/comments?post=3897"}],"version-history":[{"count":1,"href":"https:\/\/le12.ma\/fr\/wp-json\/wp\/v2\/posts\/3897\/revisions"}],"predecessor-version":[{"id":3899,"href":"https:\/\/le12.ma\/fr\/wp-json\/wp\/v2\/posts\/3897\/revisions\/3899"}],"wp:featuredmedia":[{"embeddable":true,"href":"https:\/\/le12.ma\/fr\/wp-json\/wp\/v2\/media\/3898"}],"wp:attachment":[{"href":"https:\/\/le12.ma\/fr\/wp-json\/wp\/v2\/media?parent=3897"}],"wp:term":[{"taxonomy":"category","embeddable":true,"href":"https:\/\/le12.ma\/fr\/wp-json\/wp\/v2\/categories?post=3897"},{"taxonomy":"post_tag","embeddable":true,"href":"https:\/\/le12.ma\/fr\/wp-json\/wp\/v2\/tags?post=3897"},{"taxonomy":"yst_prominent_words","embeddable":true,"href":"https:\/\/le12.ma\/fr\/wp-json\/wp\/v2\/yst_prominent_words?post=3897"}],"curies":[{"name":"wp","href":"https:\/\/api.w.org\/{rel}","templated":true}]}}