{"id":38713,"date":"2024-01-04T17:10:09","date_gmt":"2024-01-04T16:10:09","guid":{"rendered":"https:\/\/le12.ma\/fr\/?p=38713"},"modified":"2024-01-04T16:58:55","modified_gmt":"2024-01-04T15:58:55","slug":"alerte-meteo-appel-a-la-vigilance-sur-les-routes","status":"publish","type":"post","link":"https:\/\/le12.ma\/fr\/alerte-meteo-appel-a-la-vigilance-sur-les-routes\/","title":{"rendered":"Alerte m\u00e9t\u00e9o : Appel \u00e0 la vigilance sur les routes"},"content":{"rendered":"<h2><strong>Le minist\u00e8re de l\u2019\u00c9quipement et de l&rsquo;eau a appel\u00e9 tous les usagers des routes et autoroutes \u00e0 \u00ab\u00a0faire preuve de prudence et de vigilance\u00a0\u00bb, en pr\u00e9vision de fortes rafales de vent, de chutes de neige et de fortes pluies de jeudi \u00e0 vendredi.<\/strong><\/h2>\n<p><strong>Dans un <a href=\"https:\/\/le12.ma\/fr\/les-previsions-meteorologiques-pour-ce-mercredi-03-janvier-2024\/\">communiqu\u00e9<\/a>, le minist\u00e8re \u00ab\u00a0appelle tous les usagers des routes et autoroutes \u00e0 faire preuve de prudence et de vigilance en raison de la r\u00e9duction de la visibilit\u00e9, voire son absence dans ces conditions m\u00e9t\u00e9orologiques\u00a0\u00bb.<\/strong><\/p>\n<p><strong>Cet appel intervient suite au <a href=\"https:\/\/www.medi1news.com\/fr\/article\/304750.html\">bulletin<\/a> d&rsquo;alerte m\u00e9t\u00e9orologique \u00e9mis par la Direction g\u00e9n\u00e9rale de la m\u00e9t\u00e9orologie qui pr\u00e9voit, de jeudi \u00e0 vendredi, de fortes rafales de vent au niveau des provinces de Taourirt, Berkane, Nador, Guercif, Figuig, Jerada, Driouch, Sefrou, Boulemane, Taza, K\u00e9nitra, Ouarzazate, Midelt et Tinghir, des chutes de neige sur les sommets d\u00e9passant 1.700 m\u00e8tres aux provinces d&rsquo;Ifrane, de Boulemane, Sefrou, Guercif, Taza et Midelt et de fortes pluies dans les provinces de Larache, Tanger-Assilah, Ouezzane, T\u00e9touan, Sidi Kacem et K\u00e9nitra, a pr\u00e9cis\u00e9 la m\u00eame source.<\/strong><\/p>\n<p><strong>Pour plus d&rsquo;informations, le minist\u00e8re invite les usagers de la route \u00e0 contacter les num\u00e9ros t\u00e9l\u00e9phoniques du Centre de permanence de la Direction g\u00e9n\u00e9rale des routes (05.37.71.17.17) et du centre d&rsquo;appel des Autoroutes du Maroc (5050).<\/strong><\/p>\n","protected":false},"excerpt":{"rendered":"<p>Le minist\u00e8re de l\u2019\u00c9quipement et de l&rsquo;eau a appel\u00e9 tous les usagers des routes et autoroutes \u00e0 \u00ab\u00a0faire preuve de prudence et de vigilance\u00a0\u00bb, en pr\u00e9vision de fortes rafales de vent, de chutes de neige et de fortes pluies de jeudi \u00e0 vendredi. Dans un communiqu\u00e9, le minist\u00e8re \u00ab\u00a0appelle tous les usagers des routes et [&hellip;]<\/p>\n","protected":false},"author":2,"featured_media":38714,"comment_status":"open","ping_status":"open","sticky":false,"template":"","format":"standard","meta":[],"categories":[26,54,24],"tags":[10699],"yst_prominent_words":[2311,783,148,5499],"jetpack_featured_media_url":"https:\/\/le12.ma\/fr\/wp-content\/uploads\/2024\/01\/alerte.jpg","_links":{"self":[{"href":"https:\/\/le12.ma\/fr\/wp-json\/wp\/v2\/posts\/38713"}],"collection":[{"href":"https:\/\/le12.ma\/fr\/wp-json\/wp\/v2\/posts"}],"about":[{"href":"https:\/\/le12.ma\/fr\/wp-json\/wp\/v2\/types\/post"}],"author":[{"embeddable":true,"href":"https:\/\/le12.ma\/fr\/wp-json\/wp\/v2\/users\/2"}],"replies":[{"embeddable":true,"href":"https:\/\/le12.ma\/fr\/wp-json\/wp\/v2\/comments?post=38713"}],"version-history":[{"count":1,"href":"https:\/\/le12.ma\/fr\/wp-json\/wp\/v2\/posts\/38713\/revisions"}],"predecessor-version":[{"id":38715,"href":"https:\/\/le12.ma\/fr\/wp-json\/wp\/v2\/posts\/38713\/revisions\/38715"}],"wp:featuredmedia":[{"embeddable":true,"href":"https:\/\/le12.ma\/fr\/wp-json\/wp\/v2\/media\/38714"}],"wp:attachment":[{"href":"https:\/\/le12.ma\/fr\/wp-json\/wp\/v2\/media?parent=38713"}],"wp:term":[{"taxonomy":"category","embeddable":true,"href":"https:\/\/le12.ma\/fr\/wp-json\/wp\/v2\/categories?post=38713"},{"taxonomy":"post_tag","embeddable":true,"href":"https:\/\/le12.ma\/fr\/wp-json\/wp\/v2\/tags?post=38713"},{"taxonomy":"yst_prominent_words","embeddable":true,"href":"https:\/\/le12.ma\/fr\/wp-json\/wp\/v2\/yst_prominent_words?post=38713"}],"curies":[{"name":"wp","href":"https:\/\/api.w.org\/{rel}","templated":true}]}}