{"id":38530,"date":"2024-01-01T09:20:52","date_gmt":"2024-01-01T08:20:52","guid":{"rendered":"https:\/\/le12.ma\/fr\/?p=38530"},"modified":"2024-01-01T09:31:47","modified_gmt":"2024-01-01T08:31:47","slug":"le-chantier-royal-de-la-generalisation-de-la-protection-sociale-est-une-revolution-sociale","status":"publish","type":"post","link":"https:\/\/le12.ma\/fr\/le-chantier-royal-de-la-generalisation-de-la-protection-sociale-est-une-revolution-sociale\/","title":{"rendered":"le Chantier Royal de la g\u00e9n\u00e9ralisation de la protection sociale est une \u00ab\u00a0r\u00e9volution sociale\u00a0\u00bb"},"content":{"rendered":"<h2><strong>La ministre de la Solidarit\u00e9, de l\u2019Insertion sociale et de la Famille, Aawatif Hayar, a affirm\u00e9, samedi \u00e0 T\u00e9touan, que le Chantier Royal de la g\u00e9n\u00e9ralisation de la protection sociale est une \u00ab\u00a0r\u00e9volution sociale\u00a0\u00bb.<\/strong><\/h2>\n<p><strong>S&rsquo;exprimant en marge d&rsquo;une rencontre de communication organis\u00e9e par le Parti de l\u2019Istiqlal (PI), la ministre a indiqu\u00e9 dans une d\u00e9claration \u00e0 la MAP que le gouvernement \u0153uvre, conform\u00e9ment aux Hautes <a href=\"https:\/\/www.medi1news.com\/fr\/article\/304400.html\">Orientations<\/a> Royales, \u00e0 la mise en application du chantier de la g\u00e9n\u00e9ralisation de la protection sociale, qui est une \u00ab\u00a0r\u00e9volution sociale\u00a0\u00bb en soi.<\/strong><\/p>\n<p><strong>\u00ab\u00a0Le <a href=\"https:\/\/le12.ma\/fr\/le-ministre-palestinien-des-ae-salue-le-role-de-sa-majeste-le-roi-dans-la-preservation-de-la-presence-palestinienne-a-al-qods\/\">programme<\/a> de soutien social direct ainsi que les autres programmes sociaux sont les fondements de l\u2019\u00c9tat social, que le Maroc consacre Sous le Leadership de Sa Majest\u00e9 le Roi Mohammed VI\u00a0\u00bb, a-t-elle relev\u00e9.<\/strong><\/p>\n<p><strong>Elle a, en outre, estim\u00e9 que cette rencontre est une occasion pour mettre en lumi\u00e8re les r\u00e9alisations accomplies dans le cadre de l\u2019\u00c9tat social, \u00e0 travers les efforts d\u00e9ploy\u00e9s par le gouvernement, \u00e0 l&rsquo;instar du minist\u00e8re de la Solidarit\u00e9, de l\u2019Insertion sociale et de la Famille.<\/strong><\/p>\n<p><strong>Dans ce cadre, Hayar a \u00e9voqu\u00e9 les programmes sociaux mis en \u0153uvre par le minist\u00e8re pour offrir des services sociaux aux cat\u00e9gories vuln\u00e9rables, notamment les personnes en situation de handicap, les personnes \u00e2g\u00e9es et les femmes.<\/strong><\/p>\n<p><strong>De son c\u00f4t\u00e9, le pr\u00e9sident du Groupe istiqlalien pour l&rsquo;unit\u00e9 et l&rsquo;\u00e9galitarisme \u00e0 la Chambre des repr\u00e9sentants, Noureddine Mediane, a affirm\u00e9 que le programme de soutien social direct s&rsquo;inscrit dans le cadre du Chantier Royal visant \u00e0 renforcer les fondements de l&rsquo;\u00c9tat social.<\/strong><\/p>\n<p><strong>S&rsquo;agissant de la rencontre de communication, il a indiqu\u00e9 que cet \u00e9v\u00e9nement vise principalement \u00e0 mettre en relief l\u2019importance du programme de soutien social direct, ses d\u00e9tails et les cat\u00e9gories cibl\u00e9es.<\/strong><\/p>\n<p><strong>Organis\u00e9e par le parti de l\u2019Istiqlal sous le th\u00e8me \u00ab\u00a0le soutien social direct et les services sociaux dans le cadre de l&rsquo;\u00c9tat social\u00a0\u00bb, cette manifestation s\u2019est d\u00e9roul\u00e9e en pr\u00e9sence de membres du comit\u00e9 ex\u00e9cutif du parti, de parlementaires, d&rsquo;\u00e9lus ainsi que de repr\u00e9sentants des partis de la majorit\u00e9 et de l&rsquo;opposition.<\/strong><\/p>\n<p><strong>Selon les organisateurs, cette rencontre de communication vise \u00e0 examiner les objectifs du programme de soutien social direct qui s\u2019inscrit dans le cadre de la politique socio-\u00e9conomique visant \u00e0 int\u00e9grer les cat\u00e9gories sociales vuln\u00e9rables dans la dynamique \u00e9conomique et sociale que conna\u00eet le Maroc.<\/strong><\/p>\n","protected":false},"excerpt":{"rendered":"<p>La ministre de la Solidarit\u00e9, de l\u2019Insertion sociale et de la Famille, Aawatif Hayar, a affirm\u00e9, samedi \u00e0 T\u00e9touan, que le Chantier Royal de la g\u00e9n\u00e9ralisation de la protection sociale est une \u00ab\u00a0r\u00e9volution sociale\u00a0\u00bb. S&rsquo;exprimant en marge d&rsquo;une rencontre de communication organis\u00e9e par le Parti de l\u2019Istiqlal (PI), la ministre a indiqu\u00e9 dans une d\u00e9claration [&hellip;]<\/p>\n","protected":false},"author":2,"featured_media":33489,"comment_status":"open","ping_status":"open","sticky":false,"template":"","format":"standard","meta":[],"categories":[26,54,24],"tags":[6913,12709],"yst_prominent_words":[3436],"jetpack_featured_media_url":"https:\/\/le12.ma\/fr\/wp-content\/uploads\/2023\/06\/Aawatif-Hayar.jpg","_links":{"self":[{"href":"https:\/\/le12.ma\/fr\/wp-json\/wp\/v2\/posts\/38530"}],"collection":[{"href":"https:\/\/le12.ma\/fr\/wp-json\/wp\/v2\/posts"}],"about":[{"href":"https:\/\/le12.ma\/fr\/wp-json\/wp\/v2\/types\/post"}],"author":[{"embeddable":true,"href":"https:\/\/le12.ma\/fr\/wp-json\/wp\/v2\/users\/2"}],"replies":[{"embeddable":true,"href":"https:\/\/le12.ma\/fr\/wp-json\/wp\/v2\/comments?post=38530"}],"version-history":[{"count":1,"href":"https:\/\/le12.ma\/fr\/wp-json\/wp\/v2\/posts\/38530\/revisions"}],"predecessor-version":[{"id":38531,"href":"https:\/\/le12.ma\/fr\/wp-json\/wp\/v2\/posts\/38530\/revisions\/38531"}],"wp:featuredmedia":[{"embeddable":true,"href":"https:\/\/le12.ma\/fr\/wp-json\/wp\/v2\/media\/33489"}],"wp:attachment":[{"href":"https:\/\/le12.ma\/fr\/wp-json\/wp\/v2\/media?parent=38530"}],"wp:term":[{"taxonomy":"category","embeddable":true,"href":"https:\/\/le12.ma\/fr\/wp-json\/wp\/v2\/categories?post=38530"},{"taxonomy":"post_tag","embeddable":true,"href":"https:\/\/le12.ma\/fr\/wp-json\/wp\/v2\/tags?post=38530"},{"taxonomy":"yst_prominent_words","embeddable":true,"href":"https:\/\/le12.ma\/fr\/wp-json\/wp\/v2\/yst_prominent_words?post=38530"}],"curies":[{"name":"wp","href":"https:\/\/api.w.org\/{rel}","templated":true}]}}