{"id":38524,"date":"2024-01-01T08:45:44","date_gmt":"2024-01-01T07:45:44","guid":{"rendered":"https:\/\/le12.ma\/fr\/?p=38524"},"modified":"2024-01-01T08:38:36","modified_gmt":"2024-01-01T07:38:36","slug":"les-previsions-meteorologiques-pour-ce-lundi-01-janvier-2024","status":"publish","type":"post","link":"https:\/\/le12.ma\/fr\/les-previsions-meteorologiques-pour-ce-lundi-01-janvier-2024\/","title":{"rendered":"Les pr\u00e9visions m\u00e9t\u00e9orologiques pour ce lundi 01 janvier 2024"},"content":{"rendered":"<h2><strong>Voici les <a href=\"https:\/\/le12.ma\/fr\/les-previsions-meteorologiques-pour-ce-vendredi-29-decembre-2023\/\">pr\u00e9visions<\/a> m\u00e9t\u00e9orologiques \u00e9tablies par la Direction g\u00e9n\u00e9rale de la m\u00e9t\u00e9orologie pour le lundi 1er janvier 2023:<\/strong><\/h2>\n<p><strong>\u2013 Temps assez froid avec de la gel\u00e9e locale, la matin\u00e9e et la nuit, sur les montagnes, l\u2019Oriental, le sud-est et les plaines int\u00e9rieures.<\/strong><\/p>\n<p><strong>\u2013 Ciel passag\u00e8rement a souvent nuageux sur l\u2019atlas, ses <a href=\"https:\/\/www.meteomaroc.com\/meteo\/kenitra\">r\u00e9gions<\/a> voisines, les versants sud-est, l\u2019oriental et les plaines nord et centre avec faibles pluies ou gouttes locales.<\/strong><\/p>\n<p><strong>\u2013 Quelques flocons de neige sur les sommets du Moyen Atlas.<\/strong><\/p>\n<p><strong>\u2013 Temp\u00e9ratures minimales de l\u2019ordre de -02\/04\u00b0c sur l\u2019atlas, les versants sud-est et les hauts plateaux orientaux, de 04\/10\u00b0c sur le Rif et les plaines int\u00e9rieures nord et centre et de 11\/15\u00b0c partout ailleurs.<\/strong><\/p>\n<p><strong>\u2013 Temp\u00e9ratures du jour en baisse.<\/strong><\/p>\n<p><strong>\u2013 Mer belle \u00e0 peu agit\u00e9e en M\u00e9diterran\u00e9e et sur le D\u00e9troit, agit\u00e9e \u00e0 forte entre Larache et Tan Tan ainsi que peu agit\u00e9e \u00e0 agit\u00e9e ailleurs.<\/strong><\/p>\n","protected":false},"excerpt":{"rendered":"<p>Voici les pr\u00e9visions m\u00e9t\u00e9orologiques \u00e9tablies par la Direction g\u00e9n\u00e9rale de la m\u00e9t\u00e9orologie pour le lundi 1er janvier 2023: \u2013 Temps assez froid avec de la gel\u00e9e locale, la matin\u00e9e et la nuit, sur les montagnes, l\u2019Oriental, le sud-est et les plaines int\u00e9rieures. \u2013 Ciel passag\u00e8rement a souvent nuageux sur l\u2019atlas, ses r\u00e9gions voisines, les versants [&hellip;]<\/p>\n","protected":false},"author":2,"featured_media":30322,"comment_status":"open","ping_status":"open","sticky":false,"template":"","format":"standard","meta":[],"categories":[26,54,24],"tags":[7908,12708],"yst_prominent_words":[1597,1256,1117,1599,3296,1737,1596,3294,1595,3950,1237,3295],"jetpack_featured_media_url":"https:\/\/le12.ma\/fr\/wp-content\/uploads\/2023\/02\/neige-2.jpg","_links":{"self":[{"href":"https:\/\/le12.ma\/fr\/wp-json\/wp\/v2\/posts\/38524"}],"collection":[{"href":"https:\/\/le12.ma\/fr\/wp-json\/wp\/v2\/posts"}],"about":[{"href":"https:\/\/le12.ma\/fr\/wp-json\/wp\/v2\/types\/post"}],"author":[{"embeddable":true,"href":"https:\/\/le12.ma\/fr\/wp-json\/wp\/v2\/users\/2"}],"replies":[{"embeddable":true,"href":"https:\/\/le12.ma\/fr\/wp-json\/wp\/v2\/comments?post=38524"}],"version-history":[{"count":1,"href":"https:\/\/le12.ma\/fr\/wp-json\/wp\/v2\/posts\/38524\/revisions"}],"predecessor-version":[{"id":38525,"href":"https:\/\/le12.ma\/fr\/wp-json\/wp\/v2\/posts\/38524\/revisions\/38525"}],"wp:featuredmedia":[{"embeddable":true,"href":"https:\/\/le12.ma\/fr\/wp-json\/wp\/v2\/media\/30322"}],"wp:attachment":[{"href":"https:\/\/le12.ma\/fr\/wp-json\/wp\/v2\/media?parent=38524"}],"wp:term":[{"taxonomy":"category","embeddable":true,"href":"https:\/\/le12.ma\/fr\/wp-json\/wp\/v2\/categories?post=38524"},{"taxonomy":"post_tag","embeddable":true,"href":"https:\/\/le12.ma\/fr\/wp-json\/wp\/v2\/tags?post=38524"},{"taxonomy":"yst_prominent_words","embeddable":true,"href":"https:\/\/le12.ma\/fr\/wp-json\/wp\/v2\/yst_prominent_words?post=38524"}],"curies":[{"name":"wp","href":"https:\/\/api.w.org\/{rel}","templated":true}]}}