{"id":38515,"date":"2023-12-30T12:00:20","date_gmt":"2023-12-30T11:00:20","guid":{"rendered":"https:\/\/le12.ma\/fr\/?p=38515"},"modified":"2023-12-30T11:48:05","modified_gmt":"2023-12-30T10:48:05","slug":"la-maison-du-savant-et-egyptologue-cheikh-anta-diop-erigee-en-musee","status":"publish","type":"post","link":"https:\/\/le12.ma\/fr\/la-maison-du-savant-et-egyptologue-cheikh-anta-diop-erigee-en-musee\/","title":{"rendered":"la maison du savant et \u00e9gyptologue Cheikh Anta Diop \u00e9rig\u00e9e en mus\u00e9e"},"content":{"rendered":"<h2><strong>La maison du savant et \u00e9gyptologue s\u00e9n\u00e9galais, Cheikh Anta Diop, auteur de plusieurs ouvrages pour la r\u00e9habilitation des civilisations noires africaines, deviendra un mus\u00e9e, a annonc\u00e9, vendredi \u00e0 Dakar, le Premier ministre s\u00e9n\u00e9galais, Amadou B\u00e2, \u00e0 l&rsquo;occasion du centenaire de la naissance de l&rsquo;historien.<\/strong><\/h2>\n<p><strong><a href=\"https:\/\/www.medi1news.com\/fr\/article\/304312.html\">La maison<\/a> qui va abriter le futur mus\u00e9e est situ\u00e9e dans le quartier de Fann \u00e0 Dakar, pr\u00e8s de l&rsquo;Universit\u00e9 UCAD et l&rsquo;institut qui portent le nom du savant.<\/strong><br \/>\n<strong>\u00ab\u00a0C&rsquo;est avec un immense honneur et une profonde \u00e9motion que nous nous r\u00e9unissons aujourd&rsquo;hui pour inaugurer la maison Cheikh Anta Diop, un lieu qui rend hommage \u00e0 l&rsquo;un des esprits les plus \u00e9clair\u00e9s de notre temps\u00a0\u00bb, a dit Amadou B\u00e2, lors d&rsquo;une c\u00e9r\u00e9monie tenue en pr\u00e9sence notamment de membres de la famille du savant, de responsables<a href=\"https:\/\/le12.ma\/fr\/kenitra-capitale-du-cinema-senegalais\/\"> gouvernementaux<\/a> et d&rsquo;universitaires.<\/strong><\/p>\n<p><strong>Le mus\u00e9e \u00ab\u00a0abritera sa collection personnelle (de Diop), ses archives et ses oeuvres, mettant ainsi \u00e0 la disposition des g\u00e9n\u00e9rations futures un tr\u00e9sor inestimable de connaissances\u00a0\u00bb, a expliqu\u00e9 le responsable s\u00e9n\u00e9galais, tout en appelant \u00e0 en faire \u00ab\u00a0un centre de recherches, de r\u00e9flexions et de transmission du savoir\u00a0\u00bb, un lieu \u00ab\u00a0o\u00f9 les id\u00e9es et les connaissances peuvent s&rsquo;\u00e9panouir et se partager\u00a0\u00bb.<\/strong><\/p>\n<p><strong>Cheikh Anta Diop, n\u00e9 le 29 d\u00e9cembre 1923 dans le village de Ceytou (centre), a v\u00e9cu avec sa famille dans ce logement de fonction d\u00e8s son retour au S\u00e9n\u00e9gal en septembre 1960, apr\u00e8s des \u00e9tudes en France, jusqu&rsquo;\u00e0 son d\u00e9c\u00e8s en f\u00e9vrier 1986 \u00e0 Dakar.<\/strong><\/p>\n<p><strong>Plusieurs manifestations culturelles ont \u00e9t\u00e9 organis\u00e9es en d\u00e9cembre pour marquer le 100e anniversaire de la naissance de Cheikh Anta Diop dont l&rsquo;oeuvre a contribu\u00e9 \u00e0 r\u00e9habiliter les civilisations noires africaines.<\/strong><\/p>\n<p><strong>Le professeur Anta Diop, qui appelait \u00e0 la cr\u00e9ation d&rsquo;un Etat f\u00e9d\u00e9ral d&rsquo;Afrique noire, fut un opposant au premier pr\u00e9sident du S\u00e9n\u00e9gal L\u00e9opold S\u00e9dar Senghor (1960-1980) mais aussi \u00e0 son successeur Abdou Diouf (1981-2000).<\/strong><\/p>\n","protected":false},"excerpt":{"rendered":"<p>La maison du savant et \u00e9gyptologue s\u00e9n\u00e9galais, Cheikh Anta Diop, auteur de plusieurs ouvrages pour la r\u00e9habilitation des civilisations noires africaines, deviendra un mus\u00e9e, a annonc\u00e9, vendredi \u00e0 Dakar, le Premier ministre s\u00e9n\u00e9galais, Amadou B\u00e2, \u00e0 l&rsquo;occasion du centenaire de la naissance de l&rsquo;historien. La maison qui va abriter le futur mus\u00e9e est situ\u00e9e dans [&hellip;]<\/p>\n","protected":false},"author":2,"featured_media":38516,"comment_status":"open","ping_status":"open","sticky":false,"template":"","format":"standard","meta":[],"categories":[26,31,33,54],"tags":[12704],"yst_prominent_words":[3697,3598,1459,3187],"jetpack_featured_media_url":"https:\/\/le12.ma\/fr\/wp-content\/uploads\/2023\/12\/anta-diop.png","_links":{"self":[{"href":"https:\/\/le12.ma\/fr\/wp-json\/wp\/v2\/posts\/38515"}],"collection":[{"href":"https:\/\/le12.ma\/fr\/wp-json\/wp\/v2\/posts"}],"about":[{"href":"https:\/\/le12.ma\/fr\/wp-json\/wp\/v2\/types\/post"}],"author":[{"embeddable":true,"href":"https:\/\/le12.ma\/fr\/wp-json\/wp\/v2\/users\/2"}],"replies":[{"embeddable":true,"href":"https:\/\/le12.ma\/fr\/wp-json\/wp\/v2\/comments?post=38515"}],"version-history":[{"count":1,"href":"https:\/\/le12.ma\/fr\/wp-json\/wp\/v2\/posts\/38515\/revisions"}],"predecessor-version":[{"id":38517,"href":"https:\/\/le12.ma\/fr\/wp-json\/wp\/v2\/posts\/38515\/revisions\/38517"}],"wp:featuredmedia":[{"embeddable":true,"href":"https:\/\/le12.ma\/fr\/wp-json\/wp\/v2\/media\/38516"}],"wp:attachment":[{"href":"https:\/\/le12.ma\/fr\/wp-json\/wp\/v2\/media?parent=38515"}],"wp:term":[{"taxonomy":"category","embeddable":true,"href":"https:\/\/le12.ma\/fr\/wp-json\/wp\/v2\/categories?post=38515"},{"taxonomy":"post_tag","embeddable":true,"href":"https:\/\/le12.ma\/fr\/wp-json\/wp\/v2\/tags?post=38515"},{"taxonomy":"yst_prominent_words","embeddable":true,"href":"https:\/\/le12.ma\/fr\/wp-json\/wp\/v2\/yst_prominent_words?post=38515"}],"curies":[{"name":"wp","href":"https:\/\/api.w.org\/{rel}","templated":true}]}}