{"id":38461,"date":"2023-12-29T08:45:58","date_gmt":"2023-12-29T07:45:58","guid":{"rendered":"https:\/\/le12.ma\/fr\/?p=38461"},"modified":"2023-12-29T08:36:52","modified_gmt":"2023-12-29T07:36:52","slug":"les-previsions-meteorologiques-pour-ce-vendredi-29-decembre-2023","status":"publish","type":"post","link":"https:\/\/le12.ma\/fr\/les-previsions-meteorologiques-pour-ce-vendredi-29-decembre-2023\/","title":{"rendered":"Les pr\u00e9visions m\u00e9t\u00e9orologiques pour ce vendredi 29 d\u00e9cembre 2023"},"content":{"rendered":"<h2><strong>Voici les pr\u00e9visions m\u00e9t\u00e9orologiques \u00e9tablies par la Direction g\u00e9n\u00e9rale de la m\u00e9t\u00e9orologie pour le vendredi 29 d\u00e9cembre 2023:<\/strong><\/h2>\n<p><strong>\u2013 <a href=\"https:\/\/le12.ma\/fr\/les-previsions-meteorologiques-pour-ce-mardi-26-decembre-2023\/\">Temps<\/a> assez froid et gel\u00e9e locale, la matin\u00e9e et la nuit, sur l\u2019Atlas, le Rif, l\u2019Oriental, le Sud-Est, les plaines int\u00e9rieures et le nord-est des provinces du Sud-Ouest.<\/strong><\/p>\n<p><strong>\u2013 <a href=\"https:\/\/www.meteomaroc.com\/meteo\/kenitra\">Formations<\/a> brumeuses locales sur les plaines atlantiques nord et la rive m\u00e9diterran\u00e9enne.<\/strong><\/p>\n<p><strong>\u2013 Ciel passag\u00e8rement nuageux la nuit suivante sur la r\u00e9gion de Tanger.<\/strong><\/p>\n<p><strong>\u2013 Quelques chasse-poussi\u00e8res sur les provinces du Sud.<\/strong><\/p>\n<p><strong>\u2013 Temp\u00e9ratures minimales de l\u2019ordre de -03\/05\u00b0C sur l\u2019Atlas, de 00\/07\u00b0C sur les hauts plateaux orientaux et le Sud-Est, de 11\/16\u00b0C sur les r\u00e9gions sud des provinces sahariennes et de 05\/12\u00b0c partout ailleurs.<\/strong><\/p>\n<p><strong>\u2013 Temp\u00e9ratures maximales en l\u00e9g\u00e8re hausse sur l\u2019est et le nord et en l\u00e9g\u00e8re baisse ailleurs.<\/strong><\/p>\n<p><strong>\u2013 Mer belle en M\u00e9diterran\u00e9e, belle \u00e0 peu agit\u00e9e sur le D\u00e9troit, agit\u00e9e entre Assilah et Cap Sim et peu agit\u00e9e \u00e0 agit\u00e9e le long du littoral atlantique.<\/strong><\/p>\n","protected":false},"excerpt":{"rendered":"<p>Voici les pr\u00e9visions m\u00e9t\u00e9orologiques \u00e9tablies par la Direction g\u00e9n\u00e9rale de la m\u00e9t\u00e9orologie pour le vendredi 29 d\u00e9cembre 2023: \u2013 Temps assez froid et gel\u00e9e locale, la matin\u00e9e et la nuit, sur l\u2019Atlas, le Rif, l\u2019Oriental, le Sud-Est, les plaines int\u00e9rieures et le nord-est des provinces du Sud-Ouest. \u2013 Formations brumeuses locales sur les plaines atlantiques [&hellip;]<\/p>\n","protected":false},"author":2,"featured_media":29763,"comment_status":"open","ping_status":"open","sticky":false,"template":"","format":"standard","meta":[],"categories":[26,54,24],"tags":[7908],"yst_prominent_words":[1597,1256,1599,1737,1596,779,1156,1595,1237],"jetpack_featured_media_url":"https:\/\/le12.ma\/fr\/wp-content\/uploads\/2022\/12\/600882edf28c1-668x368-1.jpg","_links":{"self":[{"href":"https:\/\/le12.ma\/fr\/wp-json\/wp\/v2\/posts\/38461"}],"collection":[{"href":"https:\/\/le12.ma\/fr\/wp-json\/wp\/v2\/posts"}],"about":[{"href":"https:\/\/le12.ma\/fr\/wp-json\/wp\/v2\/types\/post"}],"author":[{"embeddable":true,"href":"https:\/\/le12.ma\/fr\/wp-json\/wp\/v2\/users\/2"}],"replies":[{"embeddable":true,"href":"https:\/\/le12.ma\/fr\/wp-json\/wp\/v2\/comments?post=38461"}],"version-history":[{"count":1,"href":"https:\/\/le12.ma\/fr\/wp-json\/wp\/v2\/posts\/38461\/revisions"}],"predecessor-version":[{"id":38462,"href":"https:\/\/le12.ma\/fr\/wp-json\/wp\/v2\/posts\/38461\/revisions\/38462"}],"wp:featuredmedia":[{"embeddable":true,"href":"https:\/\/le12.ma\/fr\/wp-json\/wp\/v2\/media\/29763"}],"wp:attachment":[{"href":"https:\/\/le12.ma\/fr\/wp-json\/wp\/v2\/media?parent=38461"}],"wp:term":[{"taxonomy":"category","embeddable":true,"href":"https:\/\/le12.ma\/fr\/wp-json\/wp\/v2\/categories?post=38461"},{"taxonomy":"post_tag","embeddable":true,"href":"https:\/\/le12.ma\/fr\/wp-json\/wp\/v2\/tags?post=38461"},{"taxonomy":"yst_prominent_words","embeddable":true,"href":"https:\/\/le12.ma\/fr\/wp-json\/wp\/v2\/yst_prominent_words?post=38461"}],"curies":[{"name":"wp","href":"https:\/\/api.w.org\/{rel}","templated":true}]}}