{"id":38447,"date":"2023-12-28T14:30:22","date_gmt":"2023-12-28T13:30:22","guid":{"rendered":"https:\/\/le12.ma\/fr\/?p=38447"},"modified":"2023-12-28T14:39:16","modified_gmt":"2023-12-28T13:39:16","slug":"la-culture-marocaine-en-2023-un-rayonnement-international-significatif","status":"publish","type":"post","link":"https:\/\/le12.ma\/fr\/la-culture-marocaine-en-2023-un-rayonnement-international-significatif\/","title":{"rendered":"La culture marocaine en 2023&#8230;un rayonnement international significatif"},"content":{"rendered":"<h2 class=\"node-tpl-ville-accroche\"><strong>L&rsquo;ann\u00e9e 2023 a \u00e9t\u00e9 marqu\u00e9e par le lancement de plusieurs initiatives visant \u00e0 promouvoir la chose culturelle au Maroc, sous le leadership clairvoyant de Sa Majest\u00e9 le Roi Mohammed VI, donnant toute la mesure de la Haute sollicitude Royale constante en faveur de la culture nationale aux multiples affluents et consolidant le rayonnement significatif du Royaume sur les plans r\u00e9gional et international.<\/strong><\/h2>\n<div class=\"node-wrapper-img-corps\">\n<div class=\"node-tpl-image-legende\">\n<div class=\"img\">\n<div class=\"field field-name-field-image field-type-image field-label-hidden\">\n<div class=\"field-items\">\n<div class=\"field-item even\"><strong>Si la <a href=\"https:\/\/www.mapnews.ma\/fr\/actualites\/culture\/la-culture-marocaine-en-2023-une-sollicitude-royale-constante-et-un-rayonnement\">sc\u00e8ne<\/a> culturelle marocaine a v\u00e9cu le long de l&rsquo;ann\u00e9e 2023 au rythme d&rsquo;importants \u00e9v\u00e9nements, tels que le Salon International de l&rsquo;Edition et du Livre et le Festival international du film de Marrakech qui font du Royaume une destination de choix pour les grands intellectuels, artistes et amateurs de culture et d&rsquo;art, elle a \u00e9t\u00e9 \u00e9galement jalonn\u00e9e par d\u2019autres manifestations et initiatives qui attestent de la sollicitude dont SM le Roi n\u2019a eu de cesse d\u2019entourer le secteur de la culture qui se trouve au coeur de la vision Royale pour un Maroc d\u00e9velopp\u00e9 et prosp\u00e8re.<\/strong><\/div>\n<\/div>\n<\/div>\n<\/div>\n<\/div>\n<div class=\"node-tpl-corps\">\n<p><strong>Parmi ces <a href=\"https:\/\/le12.ma\/fr\/agriculture-les-recentes-precipitations-ravivent-lespoir-dune-bonne-campagne\/\">\u00e9v\u00e9nements<\/a> figure l\u2019instauration du jour du nouvel an amazigh, jour f\u00e9ri\u00e9 national officiel pay\u00e9, sur d\u00e9cision de SM le Roi Mohammed VI, \u00e0 l\u2019instar du 1er Moharram de l\u2019ann\u00e9e de l\u2019H\u00e9gire et du Jour de l\u2019an du calendrier gr\u00e9gorien. \u00ab\u00a0Cette initiative Royale vient consacrer la Haute sollicitude dont Sa Majest\u00e9 le Roi, que Dieu Le pr\u00e9serve, ne cesse d\u2019entourer l\u2019Amazighe en tant que composante essentielle de l\u2019identit\u00e9 marocaine authentique riche par la pluralit\u00e9 de ses affluents et patrimoine commun \u00e0 tous les Marocains sans exception\u00a0\u00bb.<\/strong><\/p>\n<p><strong>Salu\u00e9e par tous, cette d\u00e9cision royale est une nouvelle illustration de la volont\u00e9 de Sa Majest\u00e9 le Roi de consacrer et de pr\u00e9server la diversit\u00e9 culturelle nationale et l&rsquo;identit\u00e9 marocaine, dont l\u2019amazighe repr\u00e9sente l&rsquo;une des composantes majeures, et dont la promotion fait figure d\u2019un pr\u00e9lude au d\u00e9veloppement global.<\/strong><\/p>\n<p><strong>Autre fait qui a contribu\u00e9 au rayonnement culturel du Maroc \u00e0 travers le monde durant l&rsquo;ann\u00e9e 2023, est la consolidation du rang avanc\u00e9 qu&rsquo;occupe le Royaume en termes d&rsquo;\u00e9l\u00e9ments culturels inscrits sur la liste du patrimoine culturel immat\u00e9riel de l&rsquo;Organisation mondiale islamique pour l&rsquo;\u00e9ducation, la science et la culture (ICESCO), avec 8 nouveaux \u00e9l\u00e9ments, et sur la liste repr\u00e9sentative du patrimoine culturel immat\u00e9riel de l&rsquo;humanit\u00e9 de l\u2019Organisation des Nations unies pour l&rsquo;\u00e9ducation, la science et la culture (UNESCO), avec l\u2019\u00e9l\u00e9ment du \u201cMalhoun\u201d.<\/strong><\/p>\n<p><strong>A la faveur de ces deux accomplissements, consid\u00e9r\u00e9s comme une cons\u00e9cration des efforts de pr\u00e9servation du patrimoine culturel marocain sous la conduite du Souverain, le Royaume a conserv\u00e9 la premi\u00e8re place sur la liste de l&rsquo;ICESCO dans le monde islamique, ainsi qu&rsquo;une position de leader en termes d&rsquo;inscriptions culturelles internationales au niveau du continent africain. \u201cLe Maroc dispose en effet d\u2019une solide expertise dans la protection et la r\u00e9habilitation du patrimoine. Il a d\u2019ailleurs sign\u00e9 l\u2019an pass\u00e9 un accord avec l\u2019UNESCO pour faire b\u00e9n\u00e9ficier les pays africains de ses comp\u00e9tences, tout comme dans les politiques \u00e9ducatives\u201d, a soulign\u00e9 l\u2019Organisation onusienne.<\/strong><\/p>\n<p><strong>Sur le plan continental, l&rsquo;ann\u00e9e 2023 a vu la tomb\u00e9e de rideau sur la manifestation \u201cRabat, capitale africaine de la culture\u201d, apr\u00e8s une ann\u00e9e riche en \u00e9v\u00e9nements culturels dans les domaines de la litt\u00e9rature, de la po\u00e9sie, des arts plastiques, de la musique, du th\u00e9\u00e2tre, du cin\u00e9ma, de l\u2019art urbain, de la danse, des arts num\u00e9riques, des d\u00e9fil\u00e9s de mode et de la photographie, de mani\u00e8re \u00e0 transformer la capitale des lumi\u00e8res en une vitrine culturelle qui refl\u00e8te la richesse et la diversit\u00e9 de la culture africaine dans le monde.<\/strong><\/p>\n<p><strong>En plus de cette manifestation de renomm\u00e9e mondiale, l&rsquo;\u00e9v\u00e9nement \u201cRabat, capitale de la culture dans le monde islamique\u201d, initi\u00e9 par l\u2019ICESCO et plac\u00e9 sous le Haut Patronage de SM le Roi Mohammed VI, a contribu\u00e9 grandement \u00e0 l&rsquo;animation de la sc\u00e8ne culturelle R&rsquo;batie en 2023 faisant de la capitale du Royaume \u201cun centre de rayonnement culturel international, et une destination culturelle et touristique, qui attire un grand nombre de personnes de l\u2019int\u00e9rieur et de l\u2019ext\u00e9rieur du Royaume\u201d.<\/strong><\/p>\n<p><strong>Aussi, l&rsquo;Exposition et le Mus\u00e9e international de la S\u00eerah du Proph\u00e8te et de la civilisation islamique au si\u00e8ge de l&rsquo;ICESCO \u00e0 Rabat, ont connu une forte affluence en 2023, avec 3 millions de visiteurs enregistr\u00e9s depuis leur ouverture en novembre 2022.<\/strong><\/p>\n<p><strong>Les grands \u00e9v\u00e9nements culturels ayant jalonn\u00e9 l&rsquo;ann\u00e9e 2023 sont le fruit de belles initiatives et d&rsquo;importants efforts dont le Royaume a \u00e9t\u00e9 t\u00e9moin depuis l&rsquo;accession de Sa Majest\u00e9 le Roi Mohammed VI au Tr\u00f4ne de Ses Glorieux Anc\u00eatres. Ils proc\u00e8dent d&rsquo;une vision Royale int\u00e9gr\u00e9e, dont les grandes lignes sont d\u00e9clin\u00e9es dans les diff\u00e9rents Discours du Souverain.<\/strong><\/p>\n<p><strong>Dans le Message adress\u00e9 par SM le Roi aux membres de l&rsquo;Acad\u00e9mie du Royaume du Maroc \u00e0 l\u2019occasion de l\u2019ouverture de la 1\u00e8re session de l\u2019Acad\u00e9mie sous sa nouvelle configuration en novembre dernier, le Souverain a soulign\u00e9 que \u00ab\u00a0le monde subit de profondes transformations qui touchent tous les domaines et qui se traduisent notamment par un raffermissement accru des liens culturels, des \u00e9changes intellectuels et un renforcement du dialogue inter-civilisationnel. Par cons\u00e9quent, un plus grand prix est attach\u00e9 \u00e0 l\u2019ouverture sur les cultures du monde et \u00e0 la mise en place de la soci\u00e9t\u00e9 du savoir. Pour le Maroc, r\u00e9put\u00e9 \u00eatre un carrefour de cultures et de civilisations, le choix le plus naturel est d\u2019embrasser cette dynamique et de s\u2019imposer comme un acteur-cl\u00e9 pour assurer son ancrage\u201d.<\/strong><\/p>\n<\/div>\n<\/div>\n","protected":false},"excerpt":{"rendered":"<p>L&rsquo;ann\u00e9e 2023 a \u00e9t\u00e9 marqu\u00e9e par le lancement de plusieurs initiatives visant \u00e0 promouvoir la chose culturelle au Maroc, sous le leadership clairvoyant de Sa Majest\u00e9 le Roi Mohammed VI, donnant toute la mesure de la Haute sollicitude Royale constante en faveur de la culture nationale aux multiples affluents et consolidant le rayonnement significatif du [&hellip;]<\/p>\n","protected":false},"author":2,"featured_media":38448,"comment_status":"open","ping_status":"open","sticky":false,"template":"","format":"standard","meta":[],"categories":[26,31,54],"tags":[12686],"yst_prominent_words":[354,738,730,1490,1484,734,1512,3012,3005,4788],"jetpack_featured_media_url":"https:\/\/le12.ma\/fr\/wp-content\/uploads\/2023\/12\/La-culture-marocaine.jpg","_links":{"self":[{"href":"https:\/\/le12.ma\/fr\/wp-json\/wp\/v2\/posts\/38447"}],"collection":[{"href":"https:\/\/le12.ma\/fr\/wp-json\/wp\/v2\/posts"}],"about":[{"href":"https:\/\/le12.ma\/fr\/wp-json\/wp\/v2\/types\/post"}],"author":[{"embeddable":true,"href":"https:\/\/le12.ma\/fr\/wp-json\/wp\/v2\/users\/2"}],"replies":[{"embeddable":true,"href":"https:\/\/le12.ma\/fr\/wp-json\/wp\/v2\/comments?post=38447"}],"version-history":[{"count":1,"href":"https:\/\/le12.ma\/fr\/wp-json\/wp\/v2\/posts\/38447\/revisions"}],"predecessor-version":[{"id":38449,"href":"https:\/\/le12.ma\/fr\/wp-json\/wp\/v2\/posts\/38447\/revisions\/38449"}],"wp:featuredmedia":[{"embeddable":true,"href":"https:\/\/le12.ma\/fr\/wp-json\/wp\/v2\/media\/38448"}],"wp:attachment":[{"href":"https:\/\/le12.ma\/fr\/wp-json\/wp\/v2\/media?parent=38447"}],"wp:term":[{"taxonomy":"category","embeddable":true,"href":"https:\/\/le12.ma\/fr\/wp-json\/wp\/v2\/categories?post=38447"},{"taxonomy":"post_tag","embeddable":true,"href":"https:\/\/le12.ma\/fr\/wp-json\/wp\/v2\/tags?post=38447"},{"taxonomy":"yst_prominent_words","embeddable":true,"href":"https:\/\/le12.ma\/fr\/wp-json\/wp\/v2\/yst_prominent_words?post=38447"}],"curies":[{"name":"wp","href":"https:\/\/api.w.org\/{rel}","templated":true}]}}