{"id":38281,"date":"2023-12-26T08:45:34","date_gmt":"2023-12-26T07:45:34","guid":{"rendered":"https:\/\/le12.ma\/fr\/?p=38281"},"modified":"2023-12-26T08:36:24","modified_gmt":"2023-12-26T07:36:24","slug":"les-previsions-meteorologiques-pour-ce-mardi-26-decembre-2023","status":"publish","type":"post","link":"https:\/\/le12.ma\/fr\/les-previsions-meteorologiques-pour-ce-mardi-26-decembre-2023\/","title":{"rendered":"Les pr\u00e9visions m\u00e9t\u00e9orologiques pour ce mardi 26 d\u00e9cembre 2023"},"content":{"rendered":"<h2><strong>Voici les pr\u00e9visions m\u00e9t\u00e9orologiques \u00e9tablies par la Direction g\u00e9n\u00e9rale de la m\u00e9t\u00e9orologie pour le mardi 26 d\u00e9cembre 2023:<\/strong><\/h2>\n<p><strong>\u2013 <a href=\"https:\/\/le12.ma\/fr\/les-previsions-meteorologiques-pour-ce-lundi-25-decembre-2023\/\">Temps<\/a> assez froid \u00e0 froid la matin\u00e9e et la nuit sur les reliefs, l\u2019Oriental, le Sud-Est et les hauts plateaux avec gel\u00e9e locale.<\/strong><\/p>\n<p><strong>\u2013 Nuages bas avec <a href=\"https:\/\/www.meteomaroc.com\/meteo\/kenitra\">formations<\/a> brumeuses par endroits sur les c\u00f4tes Nord et Sud.<\/strong><\/p>\n<p><strong>\u2013 Temps stable avec ciel assez d\u00e9gag\u00e9.<\/strong><\/p>\n<p><strong>\u2013 Temp\u00e9ratures minimales de l\u2019ordre de -06\/02\u00b0C sur l\u2019Atlas, ses versants Est et les Hauts plateaux Orientaux, de 09\/15\u00b0C pr\u00e8s des c\u00f4tes et sur le Souss et le Nord-Ouest et le Sud des provinces sahariennes et de 03\/09\u00b0C partout ailleurs.<\/strong><\/p>\n<p><strong>\u2013 Temp\u00e9ratures maximales en l\u00e9g\u00e8re baisse.<\/strong><\/p>\n<p><strong>\u2013 Mer belle en M\u00e9diterran\u00e9e, belle \u00e0 peu agit\u00e9e sur le D\u00e9troit, peu agit\u00e9e \u00e0 agit\u00e9e le long du littoral atlantique.<\/strong><\/p>\n<p>&nbsp;<\/p>\n","protected":false},"excerpt":{"rendered":"<p>Voici les pr\u00e9visions m\u00e9t\u00e9orologiques \u00e9tablies par la Direction g\u00e9n\u00e9rale de la m\u00e9t\u00e9orologie pour le mardi 26 d\u00e9cembre 2023: \u2013 Temps assez froid \u00e0 froid la matin\u00e9e et la nuit sur les reliefs, l\u2019Oriental, le Sud-Est et les hauts plateaux avec gel\u00e9e locale. \u2013 Nuages bas avec formations brumeuses par endroits sur les c\u00f4tes Nord et [&hellip;]<\/p>\n","protected":false},"author":2,"featured_media":32023,"comment_status":"open","ping_status":"open","sticky":false,"template":"","format":"standard","meta":[],"categories":[26,54,24],"tags":[7908,12327],"yst_prominent_words":[1597,2109,1156,1237,265],"jetpack_featured_media_url":"https:\/\/le12.ma\/fr\/wp-content\/uploads\/2023\/05\/Meteo-de-samedi-nuageux-et-pluvieux-sur-une-grande-partie-du-pays-1.jpg","_links":{"self":[{"href":"https:\/\/le12.ma\/fr\/wp-json\/wp\/v2\/posts\/38281"}],"collection":[{"href":"https:\/\/le12.ma\/fr\/wp-json\/wp\/v2\/posts"}],"about":[{"href":"https:\/\/le12.ma\/fr\/wp-json\/wp\/v2\/types\/post"}],"author":[{"embeddable":true,"href":"https:\/\/le12.ma\/fr\/wp-json\/wp\/v2\/users\/2"}],"replies":[{"embeddable":true,"href":"https:\/\/le12.ma\/fr\/wp-json\/wp\/v2\/comments?post=38281"}],"version-history":[{"count":1,"href":"https:\/\/le12.ma\/fr\/wp-json\/wp\/v2\/posts\/38281\/revisions"}],"predecessor-version":[{"id":38282,"href":"https:\/\/le12.ma\/fr\/wp-json\/wp\/v2\/posts\/38281\/revisions\/38282"}],"wp:featuredmedia":[{"embeddable":true,"href":"https:\/\/le12.ma\/fr\/wp-json\/wp\/v2\/media\/32023"}],"wp:attachment":[{"href":"https:\/\/le12.ma\/fr\/wp-json\/wp\/v2\/media?parent=38281"}],"wp:term":[{"taxonomy":"category","embeddable":true,"href":"https:\/\/le12.ma\/fr\/wp-json\/wp\/v2\/categories?post=38281"},{"taxonomy":"post_tag","embeddable":true,"href":"https:\/\/le12.ma\/fr\/wp-json\/wp\/v2\/tags?post=38281"},{"taxonomy":"yst_prominent_words","embeddable":true,"href":"https:\/\/le12.ma\/fr\/wp-json\/wp\/v2\/yst_prominent_words?post=38281"}],"curies":[{"name":"wp","href":"https:\/\/api.w.org\/{rel}","templated":true}]}}