{"id":38252,"date":"2023-12-25T08:45:48","date_gmt":"2023-12-25T07:45:48","guid":{"rendered":"https:\/\/le12.ma\/fr\/?p=38252"},"modified":"2023-12-25T09:45:49","modified_gmt":"2023-12-25T08:45:49","slug":"les-previsions-meteorologiques-pour-ce-lundi-25-decembre-2023","status":"publish","type":"post","link":"https:\/\/le12.ma\/fr\/les-previsions-meteorologiques-pour-ce-lundi-25-decembre-2023\/","title":{"rendered":"Les pr\u00e9visions m\u00e9t\u00e9orologiques pour ce lundi 25 d\u00e9cembre 2023"},"content":{"rendered":"<h2><strong>Voici les pr\u00e9visions m\u00e9t\u00e9orologiques \u00e9tablies par la Direction g\u00e9n\u00e9rale de la m\u00e9t\u00e9orologie pour le lundi 25 d\u00e9cembre 2023:<\/strong><\/h2>\n<p><strong>\u2013 <a href=\"https:\/\/www.meteomaroc.com\/meteo\/kenitra\">Temps<\/a> assez froid a localement froid la matin\u00e9e et la nuit sur les reliefs, l\u2019Oriental, le Sud-Est et les plaines int\u00e9rieures avec gel\u00e9e locale.<\/strong><\/p>\n<p><strong>\u2013 <a href=\"https:\/\/le12.ma\/fr\/les-previsions-meteorologiques-pour-ce-vendredi-22-decembre-2023\/\">Formations<\/a> brumeuses par endroits sur les plaines nord, les cotes sud et la rive M\u00e9diterran\u00e9enne.<\/strong><\/p>\n<p><strong>\u2013 Temp\u00e9ratures minimales de l\u2019ordre de -04\/03\u00b0c sur l\u2019Atlas, ses versants est et les hauts plateaux orientaux, de 10\/14\u00b0c sur les cotes et le nord des provinces sud et de 04\/09\u00b0c partout ailleurs.<\/strong><\/p>\n<p><strong>\u2013 Temp\u00e9ratures maximales en baisse progressive.<\/strong><\/p>\n<p><strong>\u2013 Mer belle en M\u00e9diterran\u00e9e et sur le D\u00e9troit, belle \u00e0 peu agit\u00e9e entre Cap Spartel et Mehdia et peu agit\u00e9e ailleurs.<\/strong><\/p>\n","protected":false},"excerpt":{"rendered":"<p>Voici les pr\u00e9visions m\u00e9t\u00e9orologiques \u00e9tablies par la Direction g\u00e9n\u00e9rale de la m\u00e9t\u00e9orologie pour le lundi 25 d\u00e9cembre 2023: \u2013 Temps assez froid a localement froid la matin\u00e9e et la nuit sur les reliefs, l\u2019Oriental, le Sud-Est et les plaines int\u00e9rieures avec gel\u00e9e locale. \u2013 Formations brumeuses par endroits sur les plaines nord, les cotes sud [&hellip;]<\/p>\n","protected":false},"author":2,"featured_media":37315,"comment_status":"open","ping_status":"open","sticky":false,"template":"","format":"standard","meta":[],"categories":[26,54,24],"tags":[7908,12327],"yst_prominent_words":[1597,1256,2109,1737,1596,1156,1237],"jetpack_featured_media_url":"https:\/\/le12.ma\/fr\/wp-content\/uploads\/2023\/11\/brouillard.jpg","_links":{"self":[{"href":"https:\/\/le12.ma\/fr\/wp-json\/wp\/v2\/posts\/38252"}],"collection":[{"href":"https:\/\/le12.ma\/fr\/wp-json\/wp\/v2\/posts"}],"about":[{"href":"https:\/\/le12.ma\/fr\/wp-json\/wp\/v2\/types\/post"}],"author":[{"embeddable":true,"href":"https:\/\/le12.ma\/fr\/wp-json\/wp\/v2\/users\/2"}],"replies":[{"embeddable":true,"href":"https:\/\/le12.ma\/fr\/wp-json\/wp\/v2\/comments?post=38252"}],"version-history":[{"count":1,"href":"https:\/\/le12.ma\/fr\/wp-json\/wp\/v2\/posts\/38252\/revisions"}],"predecessor-version":[{"id":38253,"href":"https:\/\/le12.ma\/fr\/wp-json\/wp\/v2\/posts\/38252\/revisions\/38253"}],"wp:featuredmedia":[{"embeddable":true,"href":"https:\/\/le12.ma\/fr\/wp-json\/wp\/v2\/media\/37315"}],"wp:attachment":[{"href":"https:\/\/le12.ma\/fr\/wp-json\/wp\/v2\/media?parent=38252"}],"wp:term":[{"taxonomy":"category","embeddable":true,"href":"https:\/\/le12.ma\/fr\/wp-json\/wp\/v2\/categories?post=38252"},{"taxonomy":"post_tag","embeddable":true,"href":"https:\/\/le12.ma\/fr\/wp-json\/wp\/v2\/tags?post=38252"},{"taxonomy":"yst_prominent_words","embeddable":true,"href":"https:\/\/le12.ma\/fr\/wp-json\/wp\/v2\/yst_prominent_words?post=38252"}],"curies":[{"name":"wp","href":"https:\/\/api.w.org\/{rel}","templated":true}]}}