{"id":3817,"date":"2020-09-16T19:00:26","date_gmt":"2020-09-16T18:00:26","guid":{"rendered":"https:\/\/le12.ma\/fr\/?p=3817"},"modified":"2020-09-16T19:00:26","modified_gmt":"2020-09-16T18:00:26","slug":"quatre-productions-marocaines-en-lice-au-festival-du-film-arabe-de-malmo","status":"publish","type":"post","link":"https:\/\/le12.ma\/fr\/quatre-productions-marocaines-en-lice-au-festival-du-film-arabe-de-malmo\/","title":{"rendered":"Quatre productions marocaines en lice au Festival du film arabe de Malm\u00f6"},"content":{"rendered":"<p><span style=\"color: #ff0000;\"><strong>Copenhague \u2013le12<\/strong><\/span><\/p>\n<p><strong>Quatre productions marocaines seront en lice pour les prix de la 10\u00e8me \u00e9dition du Festival du film arabe de Malm\u00f6 en Su\u00e8de (MAAF), qui se tiendra du 8 au 13 octobre, avec la participation de plusieurs \u0153uvres repr\u00e9sentant diverses sensibilit\u00e9s.<\/strong><\/p>\n","protected":false},"excerpt":{"rendered":"<p>Copenhague \u2013le12 Quatre productions marocaines seront en lice pour les prix de la 10\u00e8me \u00e9dition du Festival du film arabe de Malm\u00f6 en Su\u00e8de (MAAF), qui se tiendra du 8 au 13 octobre, avec la participation de plusieurs \u0153uvres repr\u00e9sentant diverses sensibilit\u00e9s.<\/p>\n","protected":false},"author":4,"featured_media":3818,"comment_status":"open","ping_status":"open","sticky":false,"template":"","format":"standard","meta":[],"categories":[26,31],"tags":[],"yst_prominent_words":[],"jetpack_featured_media_url":"https:\/\/le12.ma\/fr\/wp-content\/uploads\/2020\/09\/telechargement-5.jpeg","_links":{"self":[{"href":"https:\/\/le12.ma\/fr\/wp-json\/wp\/v2\/posts\/3817"}],"collection":[{"href":"https:\/\/le12.ma\/fr\/wp-json\/wp\/v2\/posts"}],"about":[{"href":"https:\/\/le12.ma\/fr\/wp-json\/wp\/v2\/types\/post"}],"author":[{"embeddable":true,"href":"https:\/\/le12.ma\/fr\/wp-json\/wp\/v2\/users\/4"}],"replies":[{"embeddable":true,"href":"https:\/\/le12.ma\/fr\/wp-json\/wp\/v2\/comments?post=3817"}],"version-history":[{"count":1,"href":"https:\/\/le12.ma\/fr\/wp-json\/wp\/v2\/posts\/3817\/revisions"}],"predecessor-version":[{"id":3819,"href":"https:\/\/le12.ma\/fr\/wp-json\/wp\/v2\/posts\/3817\/revisions\/3819"}],"wp:featuredmedia":[{"embeddable":true,"href":"https:\/\/le12.ma\/fr\/wp-json\/wp\/v2\/media\/3818"}],"wp:attachment":[{"href":"https:\/\/le12.ma\/fr\/wp-json\/wp\/v2\/media?parent=3817"}],"wp:term":[{"taxonomy":"category","embeddable":true,"href":"https:\/\/le12.ma\/fr\/wp-json\/wp\/v2\/categories?post=3817"},{"taxonomy":"post_tag","embeddable":true,"href":"https:\/\/le12.ma\/fr\/wp-json\/wp\/v2\/tags?post=3817"},{"taxonomy":"yst_prominent_words","embeddable":true,"href":"https:\/\/le12.ma\/fr\/wp-json\/wp\/v2\/yst_prominent_words?post=3817"}],"curies":[{"name":"wp","href":"https:\/\/api.w.org\/{rel}","templated":true}]}}