{"id":38154,"date":"2023-12-22T08:45:55","date_gmt":"2023-12-22T07:45:55","guid":{"rendered":"https:\/\/le12.ma\/fr\/?p=38154"},"modified":"2023-12-22T08:39:08","modified_gmt":"2023-12-22T07:39:08","slug":"les-previsions-meteorologiques-pour-ce-vendredi-22-decembre-2023","status":"publish","type":"post","link":"https:\/\/le12.ma\/fr\/les-previsions-meteorologiques-pour-ce-vendredi-22-decembre-2023\/","title":{"rendered":"les pr\u00e9visions m\u00e9t\u00e9orologiques pour ce vendredi 22 d\u00e9cembre 2023"},"content":{"rendered":"<h2><strong>Voici les pr\u00e9visions m\u00e9t\u00e9orologiques \u00e9tablies par la Direction g\u00e9n\u00e9rale de la m\u00e9t\u00e9orologie pour le vendredi 22 d\u00e9cembre 2023:<\/strong><\/h2>\n<p><strong>\u2013 <a href=\"https:\/\/le12.ma\/fr\/les-previsions-meteorologiques-pour-ce-mercredi-20-decembre-2023\/\">Temps<\/a> assez froid \u00e0 localement froid avec gel\u00e9e locale sur les reliefs, le Sud-Est, les plaines int\u00e9rieures et le Nord-Est des provinces Sud.<\/strong><\/p>\n<p><strong>\u2013 Temps passag\u00e8rement nuageux avec quelques gouttes locales sur le Nord-Ouest des provinces Sud.<\/strong><\/p>\n<p><strong>\u2013 <a href=\"https:\/\/www.meteomaroc.com\/meteo\/kenitra\">Formations<\/a> brumeuses sur le Nord des provinces Sud et pr\u00e8s des c\u00f4tes Nord.<\/strong><\/p>\n<p><strong>\u2013 Quelques chasse-poussi\u00e8res sur l\u2019int\u00e9rieur des provinces Sud.<\/strong><\/p>\n<p><strong>\u2013 Rafales de vent localement assez fortes sur l\u2019Anti-Atlas.<\/strong><\/p>\n<p><strong>\u2013 Temp\u00e9ratures minimales de l\u2019ordre de -05\/02\u00b0C sur les Hauts plateaux Orientaux, l\u2019Atlas et ses versants Est, de 05\/12\u00b0C sur le littoral m\u00e9diterran\u00e9en, les r\u00e9gions Nord et Centre, le Nord de l\u2019Oriental et les provinces Sud, de 10\/16\u00b0C sur les c\u00f4tes Centre et Sud et de 01\/06\u00b0C partout ailleurs.<\/strong><\/p>\n<p><strong>\u2013 Temp\u00e9ratures maximales en hausse.<\/strong><\/p>\n<p><strong>\u2013 Mer belle \u00e0 peu agit\u00e9e en M\u00e9diterran\u00e9e et sur le D\u00e9troit, agit\u00e9e \u00e0 forte entre Casablanca et Boujdour et peu agit\u00e9e \u00e0 agit\u00e9e ailleurs.<\/strong><\/p>\n","protected":false},"excerpt":{"rendered":"<p>Voici les pr\u00e9visions m\u00e9t\u00e9orologiques \u00e9tablies par la Direction g\u00e9n\u00e9rale de la m\u00e9t\u00e9orologie pour le vendredi 22 d\u00e9cembre 2023: \u2013 Temps assez froid \u00e0 localement froid avec gel\u00e9e locale sur les reliefs, le Sud-Est, les plaines int\u00e9rieures et le Nord-Est des provinces Sud. \u2013 Temps passag\u00e8rement nuageux avec quelques gouttes locales sur le Nord-Ouest des provinces [&hellip;]<\/p>\n","protected":false},"author":2,"featured_media":29531,"comment_status":"open","ping_status":"open","sticky":false,"template":"","format":"standard","meta":[],"categories":[26,54,24],"tags":[7908,12327],"yst_prominent_words":[1597,1256,1117,2109,782,1737,779,1585,1156,1237,265],"jetpack_featured_media_url":"https:\/\/le12.ma\/fr\/wp-content\/uploads\/2022\/11\/61297342-44708284.jpg","_links":{"self":[{"href":"https:\/\/le12.ma\/fr\/wp-json\/wp\/v2\/posts\/38154"}],"collection":[{"href":"https:\/\/le12.ma\/fr\/wp-json\/wp\/v2\/posts"}],"about":[{"href":"https:\/\/le12.ma\/fr\/wp-json\/wp\/v2\/types\/post"}],"author":[{"embeddable":true,"href":"https:\/\/le12.ma\/fr\/wp-json\/wp\/v2\/users\/2"}],"replies":[{"embeddable":true,"href":"https:\/\/le12.ma\/fr\/wp-json\/wp\/v2\/comments?post=38154"}],"version-history":[{"count":1,"href":"https:\/\/le12.ma\/fr\/wp-json\/wp\/v2\/posts\/38154\/revisions"}],"predecessor-version":[{"id":38155,"href":"https:\/\/le12.ma\/fr\/wp-json\/wp\/v2\/posts\/38154\/revisions\/38155"}],"wp:featuredmedia":[{"embeddable":true,"href":"https:\/\/le12.ma\/fr\/wp-json\/wp\/v2\/media\/29531"}],"wp:attachment":[{"href":"https:\/\/le12.ma\/fr\/wp-json\/wp\/v2\/media?parent=38154"}],"wp:term":[{"taxonomy":"category","embeddable":true,"href":"https:\/\/le12.ma\/fr\/wp-json\/wp\/v2\/categories?post=38154"},{"taxonomy":"post_tag","embeddable":true,"href":"https:\/\/le12.ma\/fr\/wp-json\/wp\/v2\/tags?post=38154"},{"taxonomy":"yst_prominent_words","embeddable":true,"href":"https:\/\/le12.ma\/fr\/wp-json\/wp\/v2\/yst_prominent_words?post=38154"}],"curies":[{"name":"wp","href":"https:\/\/api.w.org\/{rel}","templated":true}]}}