{"id":38135,"date":"2023-12-21T10:00:49","date_gmt":"2023-12-21T09:00:49","guid":{"rendered":"https:\/\/le12.ma\/fr\/?p=38135"},"modified":"2023-12-21T09:43:30","modified_gmt":"2023-12-21T08:43:30","slug":"le-film-marocain-yak-al-bhar-remporte-le-prix-du-festival-du-monde-arabe-du-court-metrage-educatif","status":"publish","type":"post","link":"https:\/\/le12.ma\/fr\/le-film-marocain-yak-al-bhar-remporte-le-prix-du-festival-du-monde-arabe-du-court-metrage-educatif\/","title":{"rendered":"Le film marocain \u00ab\u00a0Yak Al Bhar\u00a0\u00bb remporte le prix du Festival du monde arabe du court m\u00e9trage \u00e9ducatif"},"content":{"rendered":"<h2><strong>Le Rideau est tomb\u00e9, mercredi soir \u00e0 Casablanca, sur la 8eme \u00e9dition du Festival du monde arabe du court m\u00e9trage \u00e9ducatif, avec la remise du grand prix au film marocain \u00ab\u00a0Yak Al Bhar\u00a0\u00bb r\u00e9alis\u00e9 par Yassine Samih.<\/strong><\/h2>\n<p><strong><a href=\"https:\/\/le12.ma\/fr\/le-film-lesclave\/\">Le film<\/a> marocain \u00ab\u00a0Yak Al Bhar\u00a0\u00bb a \u00e9t\u00e9 distingu\u00e9 parmi les 12 films s\u00e9lectionn\u00e9s \u00e0 la comp\u00e9tition finale, pour repr\u00e9senter 6 pays arabes: le Maroc, l&rsquo;\u00c9gypte, l&rsquo;Arabie Saoudite, l&rsquo;Irak, la Syrie et le Bahre\u00efn.<\/strong><\/p>\n<p><strong>En ce qui concerne les autres prix, le film irakien \u00ab\u00a0Al jaa&rsquo;iza\u00a0\u00bb d&rsquo;Abrar Sadiq a remport\u00e9 celui du meilleur sc\u00e9nario, tandis que le prix du public est all\u00e9 au film \u00e9gyptien \u00ab\u00a0Akher Mara\u00a0\u00bb d&rsquo;Israa Ezzeddin Houssein. Les films \u00ab\u00a0Al Khrof\u00a0\u00bb du marocain Karim Abdel Rahim et \u00ab\u00a0Radia\u00a0\u00bb de l&rsquo;\u00e9gyptienne Chaimae Attif ont remport\u00e9 le prix du jury, tandis que le film irakien \u00ab\u00a0Mohtawa Hadaf\u00a0\u00bb de Haider Mekki ElKanani a re\u00e7u une mention sp\u00e9ciale.<\/strong><\/p>\n<p><strong>Dans une d\u00e9claration \u00e0 la MAP, le directeur du festival, Abdellah Abarri, a soulign\u00e9 la participation exceptionnelle de plusieurs pays arabes cette ann\u00e9e, notant que la direction du festival a re\u00e7u plus de 230 courts m\u00e9trages \u00e9ducatifs de pr\u00e8s de 15 pays arabes, dont 12 ont \u00e9t\u00e9 s\u00e9lectionn\u00e9s pour participer \u00e0 la comp\u00e9tition du festival.<\/strong><\/p>\n<p><strong>Il a expliqu\u00e9 que parall\u00e8lement \u00e0 <a href=\"https:\/\/www.medi1news.com\/fr\/article\/302980.html\">la comp\u00e9tition<\/a>, le festival, comme \u00e0 son habitude, a veill\u00e9 \u00e0 \u00e9laborer un programme riche et diversifi\u00e9 comprenant des projections de films, des s\u00e9minaires, des ateliers et des master classes abordant plusieurs sujets qui int\u00e9ressent diverses cat\u00e9gories de la soci\u00e9t\u00e9, en particulier les enfants et les jeunes.<\/strong><\/p>\n<p><strong>M. Abarri a soulign\u00e9 que l&rsquo;objectif principal du festival est de transmettre des messages \u00e9ducatifs en encourageant des productions significatives qui contribuent \u00e0 renforcer et promouvoir les valeurs de la soci\u00e9t\u00e9.<\/strong><\/p>\n<p><strong>De son c\u00f4t\u00e9, Fajr Sabah, sc\u00e9nariste kowe\u00eftienne et pr\u00e9sidente du jury de cette \u00e9dition, a affirm\u00e9 que les courts m\u00e9trages \u00e9ducatifs qui ont \u00e9t\u00e9 retenus cette ann\u00e9e \u00e9taient de haute qualit\u00e9, ce qui a engendr\u00e9 une rude comp\u00e9tition, soulignant que les films laur\u00e9ats ont \u00e9t\u00e9 s\u00e9lectionn\u00e9s selon des crit\u00e8res sp\u00e9cifiques, notamment la qualit\u00e9, le respect du th\u00e8me de l&rsquo;\u00e9dition et la transmission d&rsquo;un message \u00e9ducatif.<\/strong><\/p>\n<p><strong>La c\u00e9r\u00e9monie de cl\u00f4ture de cette 8eme \u00e9dition, organis\u00e9e par Association Manar El Hank des arts en partenariat avec le Conseil de la ville de Casablanca et l\u2019arrondissement d&rsquo;Anfa, sous le th\u00e8me \u00ab\u00a0Pour une consolidation de l&rsquo;esprit de citoyennet\u00e9 et la culture d&rsquo;appartenance\u00a0\u00bb, s&rsquo;est distingu\u00e9e par un hommage aux artistes marocains Sa\u00e2dia Azgoune et Abdellatif Khamouli.<\/strong><\/p>\n","protected":false},"excerpt":{"rendered":"<p>Le Rideau est tomb\u00e9, mercredi soir \u00e0 Casablanca, sur la 8eme \u00e9dition du Festival du monde arabe du court m\u00e9trage \u00e9ducatif, avec la remise du grand prix au film marocain \u00ab\u00a0Yak Al Bhar\u00a0\u00bb r\u00e9alis\u00e9 par Yassine Samih. Le film marocain \u00ab\u00a0Yak Al Bhar\u00a0\u00bb a \u00e9t\u00e9 distingu\u00e9 parmi les 12 films s\u00e9lectionn\u00e9s \u00e0 la comp\u00e9tition finale, [&hellip;]<\/p>\n","protected":false},"author":2,"featured_media":38136,"comment_status":"open","ping_status":"open","sticky":false,"template":"","format":"standard","meta":[],"categories":[26,9442,54],"tags":[12584,12583],"yst_prominent_words":[138,444,457,2281,3369],"jetpack_featured_media_url":"https:\/\/le12.ma\/fr\/wp-content\/uploads\/2023\/12\/Festival-du-monde-arabe-du-court-metrage-educatif.jpg","_links":{"self":[{"href":"https:\/\/le12.ma\/fr\/wp-json\/wp\/v2\/posts\/38135"}],"collection":[{"href":"https:\/\/le12.ma\/fr\/wp-json\/wp\/v2\/posts"}],"about":[{"href":"https:\/\/le12.ma\/fr\/wp-json\/wp\/v2\/types\/post"}],"author":[{"embeddable":true,"href":"https:\/\/le12.ma\/fr\/wp-json\/wp\/v2\/users\/2"}],"replies":[{"embeddable":true,"href":"https:\/\/le12.ma\/fr\/wp-json\/wp\/v2\/comments?post=38135"}],"version-history":[{"count":1,"href":"https:\/\/le12.ma\/fr\/wp-json\/wp\/v2\/posts\/38135\/revisions"}],"predecessor-version":[{"id":38137,"href":"https:\/\/le12.ma\/fr\/wp-json\/wp\/v2\/posts\/38135\/revisions\/38137"}],"wp:featuredmedia":[{"embeddable":true,"href":"https:\/\/le12.ma\/fr\/wp-json\/wp\/v2\/media\/38136"}],"wp:attachment":[{"href":"https:\/\/le12.ma\/fr\/wp-json\/wp\/v2\/media?parent=38135"}],"wp:term":[{"taxonomy":"category","embeddable":true,"href":"https:\/\/le12.ma\/fr\/wp-json\/wp\/v2\/categories?post=38135"},{"taxonomy":"post_tag","embeddable":true,"href":"https:\/\/le12.ma\/fr\/wp-json\/wp\/v2\/tags?post=38135"},{"taxonomy":"yst_prominent_words","embeddable":true,"href":"https:\/\/le12.ma\/fr\/wp-json\/wp\/v2\/yst_prominent_words?post=38135"}],"curies":[{"name":"wp","href":"https:\/\/api.w.org\/{rel}","templated":true}]}}