{"id":38058,"date":"2023-12-20T08:45:52","date_gmt":"2023-12-20T07:45:52","guid":{"rendered":"https:\/\/le12.ma\/fr\/?p=38058"},"modified":"2023-12-20T08:40:05","modified_gmt":"2023-12-20T07:40:05","slug":"les-previsions-meteorologiques-pour-ce-mercredi-20-decembre-2023","status":"publish","type":"post","link":"https:\/\/le12.ma\/fr\/les-previsions-meteorologiques-pour-ce-mercredi-20-decembre-2023\/","title":{"rendered":"Les pr\u00e9visions m\u00e9t\u00e9orologiques pour ce mercredi 20 d\u00e9cembre 2023"},"content":{"rendered":"<h2><strong>Voici les <a href=\"https:\/\/le12.ma\/fr\/les-previsions-meteorologiques-pour-ce-mardi-19-decembre-2023\/\">pr\u00e9visions<\/a> m\u00e9t\u00e9orologiques \u00e9tablies par la Direction g\u00e9n\u00e9rale de la m\u00e9t\u00e9orologie pour le mercredi 20 d\u00e9cembre 2023:<\/strong><\/h2>\n<p><strong>&#8211;<a href=\"https:\/\/www.meteomaroc.com\/meteo\/kenitra\">Temps<\/a> froid sur l\u2019Atlas, le Sud-Est et l\u2019Oriental et assez froid sur le Rif, les plaines int\u00e9rieures et le Nord-Est des provinces Sud avec gel\u00e9e locale.<\/strong><\/p>\n<p><strong>-Pluies \u00e9parses sur la r\u00e9gion de Tanger, Loukkos, le Gharb, le Rif, la M\u00e9diterran\u00e9e, le Saiss et le Nord de l\u2019Atlas en particulier la nuit suivante.<\/strong><\/p>\n<p><strong>-Quelques faibles pluies \u00e9parses sur les plaines atlantiques au Nord d\u2019el Jadida et le Nord de l\u2019Oriental la nuit suivante<\/strong><\/p>\n<p>&nbsp;<\/p>\n<p><strong>-Rafales de vent assez fortes sur l\u2019extr\u00eame Sud et la rive M\u00e9diterran\u00e9enne.<\/strong><\/p>\n<p>&nbsp;<\/p>\n<p><strong>-Temp\u00e9ratures minimales de l\u2019ordre de -06\/01\u00b0C sur les Hauts plateaux Orientaux, l\u2019Atlas et ses versants Sud-Est, de 05\/12\u00b0C sur la M\u00e9diterran\u00e9e, les plaines atlantiques, le Souss et les provinces Sud et de 00\/05\u00b0C sur le reste du pays.<\/strong><\/p>\n<p><strong>-Temp\u00e9ratures journali\u00e8res en hausse sur les r\u00e9gions Est et \u00e9voluant peu ailleurs.<\/strong><\/p>\n<p><strong>-Mer peu agit\u00e9e \u00e0 agit\u00e9e en M\u00e9diterran\u00e9e et sur le long du littoral atlantique, et belle \u00e0 peu agit\u00e9e sur le D\u00e9troit.<\/strong><\/p>\n","protected":false},"excerpt":{"rendered":"<p>Voici les pr\u00e9visions m\u00e9t\u00e9orologiques \u00e9tablies par la Direction g\u00e9n\u00e9rale de la m\u00e9t\u00e9orologie pour le mercredi 20 d\u00e9cembre 2023: &#8211;Temps froid sur l\u2019Atlas, le Sud-Est et l\u2019Oriental et assez froid sur le Rif, les plaines int\u00e9rieures et le Nord-Est des provinces Sud avec gel\u00e9e locale. -Pluies \u00e9parses sur la r\u00e9gion de Tanger, Loukkos, le Gharb, le [&hellip;]<\/p>\n","protected":false},"author":2,"featured_media":29531,"comment_status":"open","ping_status":"open","sticky":false,"template":"","format":"standard","meta":[],"categories":[26,54,24],"tags":[12144,12557],"yst_prominent_words":[1597,2111,1599,3296,848,1737,1596,1592,779,1585,1156,1595,1237],"jetpack_featured_media_url":"https:\/\/le12.ma\/fr\/wp-content\/uploads\/2022\/11\/61297342-44708284.jpg","_links":{"self":[{"href":"https:\/\/le12.ma\/fr\/wp-json\/wp\/v2\/posts\/38058"}],"collection":[{"href":"https:\/\/le12.ma\/fr\/wp-json\/wp\/v2\/posts"}],"about":[{"href":"https:\/\/le12.ma\/fr\/wp-json\/wp\/v2\/types\/post"}],"author":[{"embeddable":true,"href":"https:\/\/le12.ma\/fr\/wp-json\/wp\/v2\/users\/2"}],"replies":[{"embeddable":true,"href":"https:\/\/le12.ma\/fr\/wp-json\/wp\/v2\/comments?post=38058"}],"version-history":[{"count":1,"href":"https:\/\/le12.ma\/fr\/wp-json\/wp\/v2\/posts\/38058\/revisions"}],"predecessor-version":[{"id":38059,"href":"https:\/\/le12.ma\/fr\/wp-json\/wp\/v2\/posts\/38058\/revisions\/38059"}],"wp:featuredmedia":[{"embeddable":true,"href":"https:\/\/le12.ma\/fr\/wp-json\/wp\/v2\/media\/29531"}],"wp:attachment":[{"href":"https:\/\/le12.ma\/fr\/wp-json\/wp\/v2\/media?parent=38058"}],"wp:term":[{"taxonomy":"category","embeddable":true,"href":"https:\/\/le12.ma\/fr\/wp-json\/wp\/v2\/categories?post=38058"},{"taxonomy":"post_tag","embeddable":true,"href":"https:\/\/le12.ma\/fr\/wp-json\/wp\/v2\/tags?post=38058"},{"taxonomy":"yst_prominent_words","embeddable":true,"href":"https:\/\/le12.ma\/fr\/wp-json\/wp\/v2\/yst_prominent_words?post=38058"}],"curies":[{"name":"wp","href":"https:\/\/api.w.org\/{rel}","templated":true}]}}