{"id":38055,"date":"2023-12-19T16:00:17","date_gmt":"2023-12-19T15:00:17","guid":{"rendered":"https:\/\/le12.ma\/fr\/?p=38055"},"modified":"2023-12-19T15:24:14","modified_gmt":"2023-12-19T14:24:14","slug":"le-musee-ysl-marrakech-apporte-son-expertise-professionnelle-au-musee-ysl-paris-et-au-national-art-center-de-tokyo","status":"publish","type":"post","link":"https:\/\/le12.ma\/fr\/le-musee-ysl-marrakech-apporte-son-expertise-professionnelle-au-musee-ysl-paris-et-au-national-art-center-de-tokyo\/","title":{"rendered":"Le Mus\u00e9e YSL-Marrakech apporte son expertise professionnelle au Mus\u00e9e YSL Paris et au National Art Center de Tokyo"},"content":{"rendered":"<div id=\"contenu_article\" class=\"resume-article mb-4 text-left\">\n<h2><strong>Le Mus\u00e9e Yves Saint Laurent Marrakech (MYSLM) apportera son exp\u00e9rience et son expertise professionnelles au Mus\u00e9e Yves Saint Laurent Paris et aux \u00e9quipes du National Art Center de Tokyo en d\u00e9cembre, dans le cadre du d\u00e9montage montage de l\u2019exposition Yves Saint Laurent \u00ab\u00a0Across the Style \u00e0 Tokyo\u00a0\u00bb.<\/strong><\/h2>\n<p><strong>\u00ab\u00a0Dans le cadre du d\u00e9montage de l\u2019exposition Yves Saint Laurent, Across the Style \u00e0 Tokyo, Sahar Lamsyah, coordinatrice de la gestion des mus\u00e9es au MYSLM, apportera son exp\u00e9rience et son expertise professionnelles \u00e0 ses coll\u00e8gues du mus\u00e9e Yves Saint Laurent Paris et aux \u00e9quipes du National Art Center de Tokyo en d\u00e9cembre\u00a0\u00bb, lit-on dans un communiqu\u00e9 du MYSLM.<\/strong><\/p>\n<p><strong>\u00ab\u00a0Cette<a href=\"https:\/\/www.medi1news.com\/fr\/article\/303231.html\"> collaboration<\/a> tripartite unique avait \u00e9t\u00e9 initi\u00e9e en septembre dernier lors du montage de cette exposition gr\u00e2ce \u00e0 la participation de Hayate Machache, responsable des r\u00e9serves au mus\u00e9e Yves Saint Laurent Marrakech\u00a0\u00bb, rel\u00e8ve la m\u00eame source.<\/strong><\/p>\n<p><strong><a href=\"https:\/\/le12.ma\/fr\/fete-du-trone-les-forces-royales-air-organisent-des-shows-aeriens-et-des-concerts-musicaux\/\">Le Mus\u00e9e<\/a> Yves Saint Laurent Marrakech, qui a ouvert ses portes \u00e0 l\u2019automne 2017 \u00e0 proximit\u00e9 du Jardin Majorelle, est un v\u00e9ritable centre culturel qui poss\u00e8de une salle d\u2019exposition permanente.<\/strong><\/p>\n<p><strong>Il est \u00e9galement dot\u00e9 d\u2019une salle d\u2019expositions temporaires, une galerie de photographie, un auditorium, une biblioth\u00e8que de r\u00e9f\u00e9rence, une librairie et un caf\u00e9-restaurant.<\/strong><\/p>\n<p><strong>Un p\u00f4le d\u00e9di\u00e9 aux collections occupe le sous-sol et garantit aux \u0153uvres les meilleures conditions de conservation pr\u00e9ventive.<\/strong><\/p>\n<p><strong>La formation des membres du personnel constitue aussi une priorit\u00e9 pour le Jardin Majorelle SCA, rappelle le communiqu\u00e9.<\/strong><\/p>\n<\/div>\n","protected":false},"excerpt":{"rendered":"<p>Le Mus\u00e9e Yves Saint Laurent Marrakech (MYSLM) apportera son exp\u00e9rience et son expertise professionnelles au Mus\u00e9e Yves Saint Laurent Paris et aux \u00e9quipes du National Art Center de Tokyo en d\u00e9cembre, dans le cadre du d\u00e9montage montage de l\u2019exposition Yves Saint Laurent \u00ab\u00a0Across the Style \u00e0 Tokyo\u00a0\u00bb. \u00ab\u00a0Dans le cadre du d\u00e9montage de l\u2019exposition Yves [&hellip;]<\/p>\n","protected":false},"author":2,"featured_media":38056,"comment_status":"open","ping_status":"open","sticky":false,"template":"","format":"standard","meta":[],"categories":[26,31,54],"tags":[12556,11144,12555],"yst_prominent_words":[],"jetpack_featured_media_url":"https:\/\/le12.ma\/fr\/wp-content\/uploads\/2023\/12\/ysl.jpg","_links":{"self":[{"href":"https:\/\/le12.ma\/fr\/wp-json\/wp\/v2\/posts\/38055"}],"collection":[{"href":"https:\/\/le12.ma\/fr\/wp-json\/wp\/v2\/posts"}],"about":[{"href":"https:\/\/le12.ma\/fr\/wp-json\/wp\/v2\/types\/post"}],"author":[{"embeddable":true,"href":"https:\/\/le12.ma\/fr\/wp-json\/wp\/v2\/users\/2"}],"replies":[{"embeddable":true,"href":"https:\/\/le12.ma\/fr\/wp-json\/wp\/v2\/comments?post=38055"}],"version-history":[{"count":1,"href":"https:\/\/le12.ma\/fr\/wp-json\/wp\/v2\/posts\/38055\/revisions"}],"predecessor-version":[{"id":38057,"href":"https:\/\/le12.ma\/fr\/wp-json\/wp\/v2\/posts\/38055\/revisions\/38057"}],"wp:featuredmedia":[{"embeddable":true,"href":"https:\/\/le12.ma\/fr\/wp-json\/wp\/v2\/media\/38056"}],"wp:attachment":[{"href":"https:\/\/le12.ma\/fr\/wp-json\/wp\/v2\/media?parent=38055"}],"wp:term":[{"taxonomy":"category","embeddable":true,"href":"https:\/\/le12.ma\/fr\/wp-json\/wp\/v2\/categories?post=38055"},{"taxonomy":"post_tag","embeddable":true,"href":"https:\/\/le12.ma\/fr\/wp-json\/wp\/v2\/tags?post=38055"},{"taxonomy":"yst_prominent_words","embeddable":true,"href":"https:\/\/le12.ma\/fr\/wp-json\/wp\/v2\/yst_prominent_words?post=38055"}],"curies":[{"name":"wp","href":"https:\/\/api.w.org\/{rel}","templated":true}]}}