{"id":38042,"date":"2023-12-19T10:20:17","date_gmt":"2023-12-19T09:20:17","guid":{"rendered":"https:\/\/le12.ma\/fr\/?p=38042"},"modified":"2023-12-19T10:37:19","modified_gmt":"2023-12-19T09:37:19","slug":"huit-elements-du-patrimoine-immateriel-du-maroc-inscrits-sur-la-liste-de-lisesco","status":"publish","type":"post","link":"https:\/\/le12.ma\/fr\/huit-elements-du-patrimoine-immateriel-du-maroc-inscrits-sur-la-liste-de-lisesco\/","title":{"rendered":"Huit \u00e9l\u00e9ments du patrimoine immat\u00e9riel du Maroc inscrits sur la liste de l\u2019ISESCO"},"content":{"rendered":"<h2><strong>Le Comit\u00e9 du patrimoine dans le monde islamique de l&rsquo;Organisation mondiale islamique pour l\u2019\u00e9ducation, la science et la culture (ISESCO) a approuv\u00e9, lundi lors de sa 11\u00e8me r\u00e9union \u00e0 Rabat, l\u2019int\u00e9gration de huit \u00e9l\u00e9ments du patrimoine immat\u00e9riel au nom du Royaume du Maroc.<\/strong><\/h2>\n<p><strong>Il s\u2019agit de la<a href=\"https:\/\/le12.ma\/fr\/maroc-nadia-amal-bernoussi-reelue-au-comite-consultatif-du-cccdh\/\"> confection<\/a> de bijoux avec des perles, le tissage du Hayek et du burnous de Figuig, la tannerie, l\u2019art \u00e9questre de Mata, la poterie de Safi, Attalbi, les chansons et la danse Aouad d\u2019Ait Ba\u00e2mrane et le jeu traditionnel du Ssig, indique un communiqu\u00e9 du minist\u00e8re de la Jeunesse, de la Culture et de la Communication.<\/strong><\/p>\n<p><strong>Avec ces <a href=\"https:\/\/www.medi1news.com\/fr\/article\/303193.html\">nouvelles<\/a> inscriptions, le Maroc, qui dispose de 54 \u00e9l\u00e9ments de patrimoine immat\u00e9riel enregistr\u00e9s \u00e0 la liste de l\u2019ISESCO, arrive en t\u00eate des pays islamiques dans ce classement, souligne la m\u00eame source.<\/strong><\/p>\n<p><strong>La r\u00e9union du Comit\u00e9 du patrimoine dans le monde islamique a \u00e9galement connu l\u2019\u00e9lection du nouveau bureau pour un mandat de quatre ans, avec la pr\u00e9sidence attribu\u00e9e au Royaume d\u2019Arabie Saoudite, la vice-pr\u00e9sidence au Royaume Hach\u00e9mite de Jordanie, tandis que la R\u00e9publique du S\u00e9n\u00e9gal y si\u00e8ge en tant que rapporteur, conclut-t-on.<\/strong><\/p>\n","protected":false},"excerpt":{"rendered":"<p>Le Comit\u00e9 du patrimoine dans le monde islamique de l&rsquo;Organisation mondiale islamique pour l\u2019\u00e9ducation, la science et la culture (ISESCO) a approuv\u00e9, lundi lors de sa 11\u00e8me r\u00e9union \u00e0 Rabat, l\u2019int\u00e9gration de huit \u00e9l\u00e9ments du patrimoine immat\u00e9riel au nom du Royaume du Maroc. Il s\u2019agit de la confection de bijoux avec des perles, le tissage [&hellip;]<\/p>\n","protected":false},"author":2,"featured_media":38043,"comment_status":"open","ping_status":"open","sticky":false,"template":"","format":"standard","meta":[],"categories":[26,31,54,24],"tags":[12547,12546],"yst_prominent_words":[2117,583,2927,1716,69,3059,255,326,157],"jetpack_featured_media_url":"https:\/\/le12.ma\/fr\/wp-content\/uploads\/2023\/12\/isesco.jpg","_links":{"self":[{"href":"https:\/\/le12.ma\/fr\/wp-json\/wp\/v2\/posts\/38042"}],"collection":[{"href":"https:\/\/le12.ma\/fr\/wp-json\/wp\/v2\/posts"}],"about":[{"href":"https:\/\/le12.ma\/fr\/wp-json\/wp\/v2\/types\/post"}],"author":[{"embeddable":true,"href":"https:\/\/le12.ma\/fr\/wp-json\/wp\/v2\/users\/2"}],"replies":[{"embeddable":true,"href":"https:\/\/le12.ma\/fr\/wp-json\/wp\/v2\/comments?post=38042"}],"version-history":[{"count":1,"href":"https:\/\/le12.ma\/fr\/wp-json\/wp\/v2\/posts\/38042\/revisions"}],"predecessor-version":[{"id":38044,"href":"https:\/\/le12.ma\/fr\/wp-json\/wp\/v2\/posts\/38042\/revisions\/38044"}],"wp:featuredmedia":[{"embeddable":true,"href":"https:\/\/le12.ma\/fr\/wp-json\/wp\/v2\/media\/38043"}],"wp:attachment":[{"href":"https:\/\/le12.ma\/fr\/wp-json\/wp\/v2\/media?parent=38042"}],"wp:term":[{"taxonomy":"category","embeddable":true,"href":"https:\/\/le12.ma\/fr\/wp-json\/wp\/v2\/categories?post=38042"},{"taxonomy":"post_tag","embeddable":true,"href":"https:\/\/le12.ma\/fr\/wp-json\/wp\/v2\/tags?post=38042"},{"taxonomy":"yst_prominent_words","embeddable":true,"href":"https:\/\/le12.ma\/fr\/wp-json\/wp\/v2\/yst_prominent_words?post=38042"}],"curies":[{"name":"wp","href":"https:\/\/api.w.org\/{rel}","templated":true}]}}