{"id":38027,"date":"2023-12-19T08:45:09","date_gmt":"2023-12-19T07:45:09","guid":{"rendered":"https:\/\/le12.ma\/fr\/?p=38027"},"modified":"2023-12-19T09:47:20","modified_gmt":"2023-12-19T08:47:20","slug":"les-previsions-meteorologiques-pour-ce-mardi-19-decembre-2023","status":"publish","type":"post","link":"https:\/\/le12.ma\/fr\/les-previsions-meteorologiques-pour-ce-mardi-19-decembre-2023\/","title":{"rendered":"les pr\u00e9visions m\u00e9t\u00e9orologiques pour ce mardi 19 d\u00e9cembre 2023"},"content":{"rendered":"<h2><strong>Voici <a href=\"https:\/\/le12.ma\/fr\/les-previsions-meteorologiques-pour-ce-lundi-18-decembre-2023\/\">les pr\u00e9visions<\/a> m\u00e9t\u00e9orologiques \u00e9tablies par la Direction g\u00e9n\u00e9rale de la m\u00e9t\u00e9orologie pour le mardi 19 d\u00e9cembre 2023:<\/strong><\/h2>\n<p><strong>\u2013 Temps assez froid \u00e0 froid avec gel\u00e9e locale sur les r\u00e9gions montagneuses, l\u2019Oriental, le Sud-Est, les plaines Nord et Centre, les plateaux et le nord-est des provinces du Sud la matin\u00e9e et la nuit.<\/strong><\/p>\n<p><strong>\u2013 Ciel peu \u00e0 passag\u00e8rement nuageux avec gouttes de pluies \u00e9parses sur l\u2019Oriental le matin.<\/strong><\/p>\n<p><strong>\u2013 <a href=\"https:\/\/www.meteomaroc.com\/meteo\/kenitra\">Formations<\/a> brumeuses locales sur les c\u00f4tes Centre.<\/strong><\/p>\n<p><strong>\u2013 Rafales de vent assez fortes sur le sud des provinces sahariennes et de l\u2019Oriental avec des chasse-sables locales.<\/strong><\/p>\n<p><strong>\u2013 Temp\u00e9ratures minimales de l\u2019ordre de -06\/01\u00b0C sur les Hauts Plateaux Orientaux, l\u2019Atlas et ses versants Sud-Est, de 00\/06\u00b0C sur le Rif, les r\u00e9gions int\u00e9rieures, l\u2019Oriental, l\u2019extr\u00eame Sud-Est et sur le nord-est des provinces du Sud et de 06\/12\u00b0C sur le reste du pays.<\/strong><\/p>\n<p><strong>\u2013 Temp\u00e9ratures journali\u00e8res en l\u00e9g\u00e8re hausse sur les r\u00e9gions Est et \u00e9voluant peu ailleurs.<\/strong><\/p>\n<p><strong>\u2013 Mer belle \u00e0 peu agit\u00e9e en M\u00e9diterran\u00e9e et sur le D\u00e9troit, et peu agit\u00e9e \u00e0 agit\u00e9e sur le littoral atlantique.<\/strong><\/p>\n","protected":false},"excerpt":{"rendered":"<p>Voici les pr\u00e9visions m\u00e9t\u00e9orologiques \u00e9tablies par la Direction g\u00e9n\u00e9rale de la m\u00e9t\u00e9orologie pour le mardi 19 d\u00e9cembre 2023: \u2013 Temps assez froid \u00e0 froid avec gel\u00e9e locale sur les r\u00e9gions montagneuses, l\u2019Oriental, le Sud-Est, les plaines Nord et Centre, les plateaux et le nord-est des provinces du Sud la matin\u00e9e et la nuit. \u2013 Ciel [&hellip;]<\/p>\n","protected":false},"author":2,"featured_media":29763,"comment_status":"open","ping_status":"open","sticky":false,"template":"","format":"standard","meta":[],"categories":[26,54,24],"tags":[7351,7908],"yst_prominent_words":[1597,1117,3296,1929,2113,2103,2098,779,90,4843,1156,1595,1237],"jetpack_featured_media_url":"https:\/\/le12.ma\/fr\/wp-content\/uploads\/2022\/12\/600882edf28c1-668x368-1.jpg","_links":{"self":[{"href":"https:\/\/le12.ma\/fr\/wp-json\/wp\/v2\/posts\/38027"}],"collection":[{"href":"https:\/\/le12.ma\/fr\/wp-json\/wp\/v2\/posts"}],"about":[{"href":"https:\/\/le12.ma\/fr\/wp-json\/wp\/v2\/types\/post"}],"author":[{"embeddable":true,"href":"https:\/\/le12.ma\/fr\/wp-json\/wp\/v2\/users\/2"}],"replies":[{"embeddable":true,"href":"https:\/\/le12.ma\/fr\/wp-json\/wp\/v2\/comments?post=38027"}],"version-history":[{"count":2,"href":"https:\/\/le12.ma\/fr\/wp-json\/wp\/v2\/posts\/38027\/revisions"}],"predecessor-version":[{"id":38029,"href":"https:\/\/le12.ma\/fr\/wp-json\/wp\/v2\/posts\/38027\/revisions\/38029"}],"wp:featuredmedia":[{"embeddable":true,"href":"https:\/\/le12.ma\/fr\/wp-json\/wp\/v2\/media\/29763"}],"wp:attachment":[{"href":"https:\/\/le12.ma\/fr\/wp-json\/wp\/v2\/media?parent=38027"}],"wp:term":[{"taxonomy":"category","embeddable":true,"href":"https:\/\/le12.ma\/fr\/wp-json\/wp\/v2\/categories?post=38027"},{"taxonomy":"post_tag","embeddable":true,"href":"https:\/\/le12.ma\/fr\/wp-json\/wp\/v2\/tags?post=38027"},{"taxonomy":"yst_prominent_words","embeddable":true,"href":"https:\/\/le12.ma\/fr\/wp-json\/wp\/v2\/yst_prominent_words?post=38027"}],"curies":[{"name":"wp","href":"https:\/\/api.w.org\/{rel}","templated":true}]}}