{"id":3798,"date":"2020-09-16T14:42:42","date_gmt":"2020-09-16T13:42:42","guid":{"rendered":"https:\/\/le12.ma\/fr\/?p=3798"},"modified":"2020-09-16T14:42:42","modified_gmt":"2020-09-16T13:42:42","slug":"publication-le-maroc-a-venir-un-projet-de-societe-signe-mohamed-alami-berrada","status":"publish","type":"post","link":"https:\/\/le12.ma\/fr\/publication-le-maroc-a-venir-un-projet-de-societe-signe-mohamed-alami-berrada\/","title":{"rendered":"Publication : Le Maroc \u00e0 Venir, un projet de soci\u00e9t\u00e9 sign\u00e9 Mohamed Alami Berrada"},"content":{"rendered":"<p class=\"p1\"><strong><span style=\"-webkit-text-size-adjust: 100%;\">\u00a0<\/span><\/strong><\/p>\n<p class=\"p1\"><strong><span class=\"s2\">Casablanca-Par :Majda Benaissa <\/span><\/strong><\/p>\n<p class=\"p1\"><strong><span class=\"s2\">\u00a0<\/span><\/strong><\/p>\n<p class=\"p1\"><em><strong><span class=\"s2\">A l\u2019occasion de la rentr\u00e9e litt\u00e9raire 2020, un nouvel ouvrage vient d\u2019\u00eatre publi\u00e9 aux \u00e9ditions Senso Unico, par Mohamed Alami Berrada, intitul\u00e9 \u00ab\u00a0Le Maroc \u00e0 Venir\u00a0\u00bb.<\/span><\/strong><\/em><\/p>\n<p class=\"p1\"><strong><span class=\"s2\">Dans ce livre, qui est \u00e0 la fois un projet de soci\u00e9t\u00e9 et un essai politique, l\u2019auteur essaye d\u2019apporter des r\u00e9ponses \u00e0 des questions cruciales aujourd\u2019hui, tirant les enseignements de son r\u00e9cent passage \u00e0 la primature, et de son exp\u00e9rience de plus de dix ans, en tant que formateur en leadership\u00a0: Que faire pour que les jeunes marocains s\u2019investissent davantage dans leur pays et s\u2019engagent \u00e0 le servir\u00a0? Que faire pour que les femmes jouent un plus grand r\u00f4le dans la gestion publique du pays ? Comment am\u00e9liorer notre gouvernance pour que les r\u00e9formes \u00e0 venir puissent r\u00e9ussir et am\u00e9liorer significativement le quotidien des Marocains\u00a0?<\/span><\/strong><\/p>\n<p class=\"p1\"><strong><span class=\"s2\">Alami Berrada invite, \u00e0 travers des propositions concr\u00e8tes, \u00e0 cr\u00e9er les conditions indispensables \u00e0 l\u2019\u00e9mergence du Maroc et \u00e0 sa prosp\u00e9rit\u00e9, en cette p\u00e9riode de r\u00e9flexion sur les fondements du Nouveau Mod\u00e8le de D\u00e9veloppement.<\/span><\/strong><\/p>\n<p class=\"p1\"><strong><span class=\"s2\">Selon lui, pour que l\u2019Etat puisse regagner la confiance de ses citoyens, Il gagnerait \u00e0 ne plus les infantiliser et \u00e0 \u00eatre en mesure de prot\u00e9ger r\u00e9ellement leurs droits\u00a0: libert\u00e9 d\u2019expression, respect de la dignit\u00e9, libert\u00e9s li\u00e9es au corps, protection contre l\u2019arbitraire, etc. Ensuite, les femmes doivent b\u00e9n\u00e9ficier de cadres l\u00e9gislatifs leur permettant d\u2019avoir acc\u00e8s aux m\u00eames opportunit\u00e9s que les hommes, dans l\u2019enseignement, le monde de l\u2019entreprise, la haute fonction publique et la politique, pour qu\u2019elles puissent aussi contribuer activement au d\u00e9veloppement. Enfin, les acteurs \u00e9conomiques doivent pouvoir op\u00e9rer en confiance, avoir le sentiment que les march\u00e9s sont libres, prot\u00e9g\u00e9s de la concurrence d\u00e9loyale, que les transactions publiques sont transparentes, sans corruption ni client\u00e9lisme.<\/span><\/strong><\/p>\n<p class=\"p1\"><strong><span class=\"s2\">Enfin, Alami Berrada rappelle que, pour r\u00e9ussir les r\u00e9formes \u00e0 venir, il est incontournable que notre gouvernance soit revue en profondeur, avec des processus r\u00e9ellement m\u00e9ritocratiques dans la fonction publique, la n\u00e9cessit\u00e9 d\u2019y attirer les meilleurs profils, notamment par la cr\u00e9ation d\u2019un nouveau statut de \u00ab\u00a0d\u00e9tachement \u00e0 la fonction publique\u00a0\u00bb, en faveur des cadres des grandes entreprises, et de la formation ex\u00e9cutive. Il s\u2019agit aussi d\u2019instaurer une culture de management public et de cr\u00e9ation de valeur publique dans l\u2019administration, de promouvoir l\u2019excellence et de combattre la m\u00e9diocrit\u00e9 partout, et, enfin, de mettre en place les conditions d\u2019une meilleure coordination institutionnalis\u00e9e entre les deux ex\u00e9cutifs\u00a0: le\u00a0gouvernement \u00e9lu et les repr\u00e9sentants de la monarchie.<\/span><\/strong><\/p>\n<p class=\"p1\"><strong><span class=\"s2\">Alami Berrada propose, en guise de conclusion, une innovation institutionnelle, en sugg\u00e9rant d\u2019instaurer d\u2019un organe d\u2019\u00e9change direct entre les repr\u00e9sentants du peuple et les repr\u00e9sentants du Monarque. Le Conseil de la Nation, serait ainsi un espace-temps, qui se r\u00e9unirait une fois par an, permettant \u00e0 la Monarchie et aux repr\u00e9sentants du Peuple, \u00e9lus et non \u00e9lus, de r\u00e9fl\u00e9chir ensemble aux projets prioritaires du pays pour r\u00e9pondre aux besoins des citoyens, \u00e9vitant que les contestations sociales dans la rue ne soient le seul moyen de r\u00e9guler les relations au sein de cette union sacr\u00e9e au Maroc, entre le Roi et son Peuple.<\/span><\/strong><\/p>\n<p class=\"p1\"><strong><span class=\"s1\">L\u2019auteur\u00a0:<\/span><span class=\"s2\"> Mohamed Alami Berrada est n\u00e9 \u00e0 Casablanca, en 1979. Dipl\u00f4m\u00e9 de l\u2019ESSEC, il a \u00e9galement suivi des formations ex\u00e9cutives en leadership, en gouvernance publique et en communication politique \u00e0 la Harvard Kennedy School et \u00e0 la Hertie School of Governance. Apr\u00e8s avoir occup\u00e9s des postes de direction au sein d\u2019un groupe industriel marocain, pendant plus de 15 ans, il rejoint l\u2019\u00e9quipe gouvernementale, entre 2017 \u00e0 2020, en tant que charg\u00e9 de l\u2019Emploi des jeunes, pour le compte du Chef du Gouvernement. Co-fondateur du r\u00e9seau TIZI en 2011 et du mouvement \u00ab Les Citoyens\u00a0\u00bb en 2016, il a \u00e9galement enseign\u00e9 \u00e0 l\u2019EHTP de 2007 \u00e0 2015. Ses diff\u00e9rents engagements lui ont valu d\u2019int\u00e9grer, en 2017, le r\u00e9seau des <\/span><span class=\"s3\">Young Global Leaders<\/span><span class=\"s2\"> du <\/span><span class=\"s3\">World Economic Forum<\/span><span class=\"s2\">, et le r\u00e9seau des 100 leaders africains de l\u2019Institut Choiseul, en 2019. <\/span><span class=\"s3\">Le Maroc \u00e0 venir<\/span><span class=\"s2\"> est son troisi\u00e8me livre \u00e9dit\u00e9 chez <\/span><span class=\"s3\">Senso Unico<\/span><span class=\"s2\">.<\/span><\/strong><\/p>\n<p class=\"p1\"><strong><span class=\"s2\">\u00a0<\/span><\/strong><\/p>\n","protected":false},"excerpt":{"rendered":"<p>\u00a0 Casablanca-Par :Majda Benaissa \u00a0 A l\u2019occasion de la rentr\u00e9e litt\u00e9raire 2020, un nouvel ouvrage vient d\u2019\u00eatre publi\u00e9 aux \u00e9ditions Senso Unico, par Mohamed Alami Berrada, intitul\u00e9 \u00ab\u00a0Le Maroc \u00e0 Venir\u00a0\u00bb. Dans ce livre, qui est \u00e0 la fois un projet de soci\u00e9t\u00e9 et un essai politique, l\u2019auteur essaye d\u2019apporter des r\u00e9ponses \u00e0 des questions [&hellip;]<\/p>\n","protected":false},"author":2,"featured_media":3799,"comment_status":"open","ping_status":"open","sticky":false,"template":"","format":"standard","meta":[],"categories":[26,31,30],"tags":[6358,6359,182,6357,6355,6356],"yst_prominent_words":[822,4859,1446,69,98,2007,199,1663,1322,3352],"jetpack_featured_media_url":"https:\/\/le12.ma\/fr\/wp-content\/uploads\/2020\/09\/5D13AA4B-428E-433D-9800-6C785AC36F35.jpeg","_links":{"self":[{"href":"https:\/\/le12.ma\/fr\/wp-json\/wp\/v2\/posts\/3798"}],"collection":[{"href":"https:\/\/le12.ma\/fr\/wp-json\/wp\/v2\/posts"}],"about":[{"href":"https:\/\/le12.ma\/fr\/wp-json\/wp\/v2\/types\/post"}],"author":[{"embeddable":true,"href":"https:\/\/le12.ma\/fr\/wp-json\/wp\/v2\/users\/2"}],"replies":[{"embeddable":true,"href":"https:\/\/le12.ma\/fr\/wp-json\/wp\/v2\/comments?post=3798"}],"version-history":[{"count":1,"href":"https:\/\/le12.ma\/fr\/wp-json\/wp\/v2\/posts\/3798\/revisions"}],"predecessor-version":[{"id":3800,"href":"https:\/\/le12.ma\/fr\/wp-json\/wp\/v2\/posts\/3798\/revisions\/3800"}],"wp:featuredmedia":[{"embeddable":true,"href":"https:\/\/le12.ma\/fr\/wp-json\/wp\/v2\/media\/3799"}],"wp:attachment":[{"href":"https:\/\/le12.ma\/fr\/wp-json\/wp\/v2\/media?parent=3798"}],"wp:term":[{"taxonomy":"category","embeddable":true,"href":"https:\/\/le12.ma\/fr\/wp-json\/wp\/v2\/categories?post=3798"},{"taxonomy":"post_tag","embeddable":true,"href":"https:\/\/le12.ma\/fr\/wp-json\/wp\/v2\/tags?post=3798"},{"taxonomy":"yst_prominent_words","embeddable":true,"href":"https:\/\/le12.ma\/fr\/wp-json\/wp\/v2\/yst_prominent_words?post=3798"}],"curies":[{"name":"wp","href":"https:\/\/api.w.org\/{rel}","templated":true}]}}