{"id":37937,"date":"2023-12-15T16:40:27","date_gmt":"2023-12-15T15:40:27","guid":{"rendered":"https:\/\/le12.ma\/fr\/?p=37937"},"modified":"2023-12-15T16:45:20","modified_gmt":"2023-12-15T15:45:20","slug":"le-kazakhstan-un-pays-modele-en-matiere-de-moderation-de-coexistence-et-du-vivre-ensemble","status":"publish","type":"post","link":"https:\/\/le12.ma\/fr\/le-kazakhstan-un-pays-modele-en-matiere-de-moderation-de-coexistence-et-du-vivre-ensemble\/","title":{"rendered":"Le Kazakhstan, un pays mod\u00e8le en mati\u00e8re de mod\u00e9ration, de coexistence et du vivre ensemble"},"content":{"rendered":"<p><span style=\"color: #ff0000;\"><strong>Par Driss Lyakoubi <\/strong><\/span><\/p>\n<h2><strong>Au Kazakhstan, l\u2019Islam est un mod\u00e8le de tol\u00e9rance, de coexistence et d\u2019ouverture. A Astana, \u00e0 Almaty, mais \u00e9galement dans d&rsquo;autres villes, des mosqu\u00e9es, des \u00e9glises, des synagogues, des temples se c\u00f4toient o\u00f9 les fid\u00e8les y exercent librement leurs cultes. Le visiteur de ce grand pays d\u2019Asie centrale d\u00e9couvre avec \u00e9merveillement un h\u00e9ritage culturel construit sur des valeurs de mod\u00e9ration, de vivre-ensemble et de compr\u00e9hension mutuelle.<\/strong><\/h2>\n<p><strong>Terre de <a href=\"https:\/\/le12.ma\/fr\/kazakhstan-le-pape-francois-arrive-a-nour-soultan\/\">brassage<\/a> culturel et ethnique, creuset de civilisations mill\u00e9naires, le Kazakhstan est devenu une terre de rencontres et de rendez-vous internationaux o\u00f9 se r\u00e9unissent des dignitaires et des chefs religieux des quatre coins de la plan\u00e8te. L\u2019organisation, depuis 2003, du Congr\u00e8s des dirigeants religions mondiales et traditionnelles en est l\u2019illustration parfaite. Ayant d\u00e9but\u00e9 avec 17 d\u00e9l\u00e9gation, la septi\u00e8me \u00a0\u00e9dition de ce grand rassemblement des chefs spirituels, qui s\u2019est tenu au mois de septembre 2022, avait accueilli plus d\u2019une centaine de d\u00e9l\u00e9gations pour discuter\u00a0 sur les moyens \u00e0 m\u00eame de promouvoir la paix dans un monde travers\u00e9 par des crises et des conflits identitaires.\u00a0<\/strong><\/p>\n<p><img decoding=\"async\" loading=\"lazy\" class=\"alignnone size-full wp-image-37939\" src=\"https:\/\/le12.ma\/fr\/wp-content\/uploads\/2023\/12\/kazakhstane2.jpg\" alt=\"\" width=\"800\" height=\"536\" srcset=\"https:\/\/le12.ma\/fr\/wp-content\/uploads\/2023\/12\/kazakhstane2.jpg 800w, https:\/\/le12.ma\/fr\/wp-content\/uploads\/2023\/12\/kazakhstane2-300x201.jpg 300w, https:\/\/le12.ma\/fr\/wp-content\/uploads\/2023\/12\/kazakhstane2-768x515.jpg 768w\" sizes=\"(max-width: 800px) 100vw, 800px\" \/><\/p>\n<p><strong>Ayant\u00a0\u00a0 \u00e9t\u00e9\u00a0\u00a0 s\u00e9lectionn\u00e9\u00a0\u00a0 dans\u00a0\u00a0 le\u00a0\u00a0 cadre\u00a0\u00a0 du\u00a0\u00a0 concours\u00a0\u00a0 \u00ab Le Kazakhstan \u00e0 travers les yeux des m\u00e9dias \u00e9trangers \u00bb organis\u00e9 par\u00a0\u00a0 le\u00a0\u00a0 minist\u00e8re\u00a0\u00a0 kazakh\u00a0\u00a0 des\u00a0\u00a0 affaires\u00a0\u00a0 \u00e9trang\u00e8res\u00a0\u00a0 et\u00a0\u00a0 d\u2019autres partenaires, j\u2019ai eu le privil\u00e8ge de suivre de pr\u00e8s les travaux de cette septi\u00e8me \u00e9dition qui a trait\u00e9 de la th\u00e9matique du \u00ab\u00a0<a href=\"https:\/\/fr.wikipedia.org\/wiki\/Kazakhstan\">D\u00e9veloppement<\/a> socio-spirituel de l\u2019humanit\u00e9 dans la p\u00e9riode post-pand\u00e9mique\u00a0\u00bb. Pr\u00e9sid\u00e9 par le Pr\u00e9sident du\u00a0 Kazakhstan, Kassym-Jomart Toka\u00efev, en pr\u00e9sence du Pape Fran\u00e7ois, plus de 80 chefs religieux et une centaine de d\u00e9l\u00e9gu\u00e9s de la plupart des pays du monde y ont pris part. Le Royaume du Maroc a \u00e9t\u00e9 repr\u00e9sent\u00e9 par le ministre des Habous et des Affaires islamiques, Ahmed Toufiq. Investir le dialogue interreligieux au service de l\u2019humanit\u00e9 et sceller la tol\u00e9rance pour contrer l\u2019extr\u00e9misme, tels \u00e9taient les principaux objectifs de cet \u00e9v\u00e8nement mondial spirituel.<\/strong><\/p>\n<p><img decoding=\"async\" loading=\"lazy\" class=\"alignnone size-full wp-image-37940\" src=\"https:\/\/le12.ma\/fr\/wp-content\/uploads\/2023\/12\/kazakhstan3.jpg\" alt=\"\" width=\"612\" height=\"408\" srcset=\"https:\/\/le12.ma\/fr\/wp-content\/uploads\/2023\/12\/kazakhstan3.jpg 612w, https:\/\/le12.ma\/fr\/wp-content\/uploads\/2023\/12\/kazakhstan3-300x200.jpg 300w\" sizes=\"(max-width: 612px) 100vw, 612px\" \/><\/p>\n<p><strong>A\u00a0 cet \u00e9gard en mati\u00e8re religieuse, le Maroc et le Kazakhstan pr\u00f4nent et \u0153uvrent \u00e0 la promotion, au niveau mondial, d\u2019un Islam de mod\u00e9ration et du juste milieu. Il y a une ann\u00e9e, jour pour jour, le minist\u00e8re des Habous et des Affaires islamiques et la Direction spirituelle des musulmans du Kazakhstan ont sign\u00e9, \u00e0 Rabat un accord de coop\u00e9ration islamique pour l\u2019\u00e9chang d\u2019expertises dans divers aspects li\u00e9s au domaine religieux.<\/strong><\/p>\n<p><strong>Sign\u00e9 par le ministre des Habous et des Affaires Islamiques, Ahmed Toufiq, et le pr\u00e9sident de la Direction spirituelle des musulmans du Kazakhstan, le grand mufti de la R\u00e9publique du Kazakhstan, Nauryzbai Haji Taganuly, cet accord concerne, entre autres, l\u2019\u00e9change d\u2019invitations pour participer aux s\u00e9minaires et conf\u00e9rences islamiques, ainsi que des informations et des id\u00e9es pour l\u2019\u00e9radication de l\u2019id\u00e9ologie extr\u00e9miste.<\/strong><\/p>\n<p><strong>Il pr\u00e9voit \u00e9galement l\u2019\u00e9change d\u2019exp\u00e9riences en mati\u00e8re d\u2019organisation du p\u00e8lerinage et de sensibilisation des p\u00e8lerins des deux pays, le partage d\u2019expertises dans le domaine de la construction des mosqu\u00e9es et de restauration des \u00e9difices islamiques.<\/strong><\/p>\n<p><strong>Il s\u2019agit aussi de l\u2019\u00e9change d\u2019expertises en mati\u00e8re de gestion de la chose religieuse, ainsi que l\u2019\u00e9change d\u2019\u00e9tudiants, d\u2019oul\u00e9mas et de r\u00e9citateurs.<\/strong><\/p>\n<p><strong>Haji Taganuly avait qualifi\u00e9 la c\u00e9r\u00e9monie de signature de l\u2019accord de \u00ab\u00a0moment historique\u00a0\u00bb qui est de nature, souligne-t-il, \u00e0 renforcer davantage les relations entre le Maroc et le Kazakhstan dans tous les domaines, notamment religieux, et ce, gr\u00e2ce aux efforts du Pr\u00e9sident kazakh, Kassym-Jomart Toka\u00efev et de S.M le Roi Mohammed VI, Amir Al Mouminine.<\/strong><\/p>\n<p><strong>A noter, par ailleurs, le r\u00f4le actif de la R\u00e9publique du Kazakhstan en tant que membre l&rsquo;Organisation de la Coop\u00e9ration Islamique (OCI) et ses efforts pour soutenir les activit\u00e9s de celle-ci et promouvoir l&rsquo;action islamique commune \u00e0 travers diverses initiatives. On peut souligner, \u00e0 cet effet, ses efforts inlassables pour la promotion de la paix et la s\u00e9curit\u00e9 dans les pays de la r\u00e9gion et du monde, et la protection des int\u00e9r\u00eats de l&rsquo;OCI et de ses Etats membres.<\/strong><\/p>\n<p><strong>Le Kazakhstan joue, par ailleurs, un r\u00f4le de premier plan au niveau de l\u2019OCI. Il a \u00e9t\u00e9 \u00e0 l&rsquo;origine de la cr\u00e9ation de l&rsquo;Organisation Islamique pour la S\u00e9curit\u00e9 Alimentaire (OISA) qui a pour missions d&rsquo;apporter une expertise et un savoir-faire technique aux Etats membres sur les diff\u00e9rents aspects de l\u2019agriculture durable, du d\u00e9veloppement rural, de la s\u00e9curit\u00e9 alimentaire et des biotechnologies, y compris le r\u00e8glement des probl\u00e8mes dus \u00e0 la d\u00e9sertification, \u00e0 la d\u00e9forestation, \u00e0 l\u2019\u00e9rosion et \u00e0 la salinit\u00e9, et garantir les r\u00e9seaux de couverture sociale; d&rsquo;\u00e9valuer et surveiller, en coordination avec les Etats membres, la situation de la s\u00e9curit\u00e9 alimentaire dans les Etats membres afin de d\u00e9terminer et de fournir l\u2019aide humanitaire d\u2019urgence n\u00e9cessaire, y compris la cr\u00e9ation de r\u00e9serves pour la s\u00e9curit\u00e9 alimentaire; de mobiliser et g\u00e9rer les ressources financi\u00e8res et agricoles pour le d\u00e9veloppement de l\u2019agriculture et l\u2019am\u00e9lioration de la s\u00e9curit\u00e9 alimentaire au sein des Etats membres; ainsi que de coordonner, concevoir et mettre en \u0153uvre des politiques agricoles communes, y compris l\u2019\u00e9change et le transfert de technologies appropri\u00e9es et d\u2019un syst\u00e8me de gestion publique de l\u2019alimentation.<\/strong><\/p>\n<p><strong>Le Kazakhstan a, d&rsquo;autre part, accueilli, la 1\u00e8re r\u00e9union minist\u00e9rielle de la plate-forme de dialogue de l&rsquo;OCI-15, qui s&rsquo;est tenue \u00e0 Almaty, les 25 et 26 mai 2023, dans les locaux de l&rsquo;Universit\u00e9 nationale kazakhe Al-Farabi, connue internationalement comme le centre \u00e9ducatif et scientifique du Kazakhstan. Cet \u00e9v\u00e9nement a r\u00e9uni des ministres de la science et de l&rsquo;\u00e9ducation et des hauts fonctionnaires des nations les plus avanc\u00e9es de l&rsquo;OCI dans le domaine de la science, des technologies et des innovations.<\/strong><\/p>\n<p><strong>La r\u00e9union minist\u00e9rielle \u00e0 Almaty a examin\u00e9 et approuv\u00e9 un certain nombre de documents fondamentaux, con\u00e7us pour lancer la plate-forme de dialogue de l&rsquo;OCI-15, en tant que forums internationaux informels et consultatifs pour renforcer la collaboration intra-OCI dans le domaine de la science et de la technologie. Lesdits documents ont tous \u00e9t\u00e9 incorpor\u00e9s dans le document final, adopt\u00e9 par la r\u00e9union minist\u00e9rielle et intitul\u00e9 R\u00e8gles et r\u00e8glements d&rsquo;Almaty de la plate-forme de dialogue de l&rsquo;OCI-15.<\/strong><\/p>\n<p><strong>Il est \u00e0 souligner que le l\u2019Islam est la religion majoritaire au Kazakhstan. Un recensement de 2009 \u00e9tablit que 70% de la population est musulmane. Turkestan en est la capitale spirituelle. Cette cit\u00e9 historique abrite le mausol\u00e9e de Khoja Ahmed Yassawi , consid\u00e9r\u00e9 comme un haut lieu de p\u00e8lerinage d\u2019Asie centrale. Erig\u00e9 au XIV\u00e8me si\u00e8cle, l\u2019\u00e9difice fut, en 2002, le premier site kazakh reconnu par l\u2019UNESCO comme patrimoine mondial de l\u2019humanit\u00e9.<\/strong><\/p>\n","protected":false},"excerpt":{"rendered":"<p>Par Driss Lyakoubi Au Kazakhstan, l\u2019Islam est un mod\u00e8le de tol\u00e9rance, de coexistence et d\u2019ouverture. A Astana, \u00e0 Almaty, mais \u00e9galement dans d&rsquo;autres villes, des mosqu\u00e9es, des \u00e9glises, des synagogues, des temples se c\u00f4toient o\u00f9 les fid\u00e8les y exercent librement leurs cultes. Le visiteur de ce grand pays d\u2019Asie centrale d\u00e9couvre avec \u00e9merveillement un h\u00e9ritage [&hellip;]<\/p>\n","protected":false},"author":2,"featured_media":37938,"comment_status":"open","ping_status":"open","sticky":false,"template":"","format":"standard","meta":[],"categories":[26,31,33,54],"tags":[12511,8633,12512],"yst_prominent_words":[4426,4428,4423],"jetpack_featured_media_url":"https:\/\/le12.ma\/fr\/wp-content\/uploads\/2023\/12\/kazakhstan1.jpg","_links":{"self":[{"href":"https:\/\/le12.ma\/fr\/wp-json\/wp\/v2\/posts\/37937"}],"collection":[{"href":"https:\/\/le12.ma\/fr\/wp-json\/wp\/v2\/posts"}],"about":[{"href":"https:\/\/le12.ma\/fr\/wp-json\/wp\/v2\/types\/post"}],"author":[{"embeddable":true,"href":"https:\/\/le12.ma\/fr\/wp-json\/wp\/v2\/users\/2"}],"replies":[{"embeddable":true,"href":"https:\/\/le12.ma\/fr\/wp-json\/wp\/v2\/comments?post=37937"}],"version-history":[{"count":1,"href":"https:\/\/le12.ma\/fr\/wp-json\/wp\/v2\/posts\/37937\/revisions"}],"predecessor-version":[{"id":37941,"href":"https:\/\/le12.ma\/fr\/wp-json\/wp\/v2\/posts\/37937\/revisions\/37941"}],"wp:featuredmedia":[{"embeddable":true,"href":"https:\/\/le12.ma\/fr\/wp-json\/wp\/v2\/media\/37938"}],"wp:attachment":[{"href":"https:\/\/le12.ma\/fr\/wp-json\/wp\/v2\/media?parent=37937"}],"wp:term":[{"taxonomy":"category","embeddable":true,"href":"https:\/\/le12.ma\/fr\/wp-json\/wp\/v2\/categories?post=37937"},{"taxonomy":"post_tag","embeddable":true,"href":"https:\/\/le12.ma\/fr\/wp-json\/wp\/v2\/tags?post=37937"},{"taxonomy":"yst_prominent_words","embeddable":true,"href":"https:\/\/le12.ma\/fr\/wp-json\/wp\/v2\/yst_prominent_words?post=37937"}],"curies":[{"name":"wp","href":"https:\/\/api.w.org\/{rel}","templated":true}]}}