{"id":37887,"date":"2023-12-15T08:45:54","date_gmt":"2023-12-15T07:45:54","guid":{"rendered":"https:\/\/le12.ma\/fr\/?p=37887"},"modified":"2023-12-15T08:47:02","modified_gmt":"2023-12-15T07:47:02","slug":"les-previsions-meteorologiques-pour-ce-vendredi-15-decembre-2023","status":"publish","type":"post","link":"https:\/\/le12.ma\/fr\/les-previsions-meteorologiques-pour-ce-vendredi-15-decembre-2023\/","title":{"rendered":"les pr\u00e9visions m\u00e9t\u00e9orologiques pour ce vendredi 15 d\u00e9cembre 2023"},"content":{"rendered":"<h2><strong>Voici les pr\u00e9visions m\u00e9t\u00e9orologiques \u00e9tablies par la Direction g\u00e9n\u00e9rale de la m\u00e9t\u00e9orologie pour le vendredi 15 d\u00e9cembre 2023:<\/strong><\/h2>\n<p><strong>\u2013 <a href=\"https:\/\/le12.ma\/fr\/les-previsions-meteorologiques-pour-ce-samedi-9-decembre-2023\/\">Temps<\/a> assez froid \u00e0 froid avec gel\u00e9e locale sur l\u2019Oriental, l\u2019Atlas, le Rif et le Sud-est durant la matin\u00e9e et la nuit.<\/strong><\/p>\n<p><strong>\u2013 Temps relativement froid sur les r\u00e9gions \u00e0 l\u2019Ouest de l\u2019Atlas.<\/strong><\/p>\n<p><strong>\u2013 <a href=\"https:\/\/www.meteomaroc.com\/meteo\/kenitra\">Formations<\/a> brumeuses locales sur les c\u00f4tes atlantiques nord, l\u2019est du Saiss, le Nord-ouest des provinces sahariennes et l\u2019Oriental.<\/strong><\/p>\n<p><strong>\u2013 Rafales de vent assez fortes sur l\u2019ouest de la M\u00e9diterran\u00e9e, la r\u00e9gion de Tanger, les c\u00f4tes entre Sidi Ifni et Tan-Tan, le nord-est des provinces sud et l\u2019anti-atlas.<\/strong><\/p>\n<p><strong>\u2013 Chasse-poussi\u00e8res par endroits sur le centre et les provinces sud.<\/strong><\/p>\n<p><strong>\u2013 Temp\u00e9ratures minimales de l\u2019ordre de -03\/04\u00b0C sur les hauts plateaux orientaux, l\u2019Atlas, le Rif et le Sud-est, de 03\/07\u00b0C sur les plateaux de phosphates et d\u2019Oulm\u00e8s et le nord de l\u2019Oriental, de 10\/17\u00b0C sur les provinces sud et les plaines centre et de 07\/11\u00b0C sur le reste du pays.<\/strong><\/p>\n<p><strong>\u2013 Temp\u00e9ratures maximales en baisse sur le sud-est et en l\u00e9g\u00e8re hausse ailleurs. \u2013 Mer belle \u00e0 peu agit\u00e9e sur la M\u00e9diterran\u00e9e, belle \u00e0 peu agit\u00e9e sur le D\u00e9troit devenant agit\u00e9e le matin et peu agit\u00e9e \u00e0 agit\u00e9e le long du littoral.<\/strong><\/p>\n","protected":false},"excerpt":{"rendered":"<p>Voici les pr\u00e9visions m\u00e9t\u00e9orologiques \u00e9tablies par la Direction g\u00e9n\u00e9rale de la m\u00e9t\u00e9orologie pour le vendredi 15 d\u00e9cembre 2023: \u2013 Temps assez froid \u00e0 froid avec gel\u00e9e locale sur l\u2019Oriental, l\u2019Atlas, le Rif et le Sud-est durant la matin\u00e9e et la nuit. \u2013 Temps relativement froid sur les r\u00e9gions \u00e0 l\u2019Ouest de l\u2019Atlas. \u2013 Formations brumeuses [&hellip;]<\/p>\n","protected":false},"author":2,"featured_media":29531,"comment_status":"open","ping_status":"open","sticky":false,"template":"","format":"standard","meta":[],"categories":[26,54,24],"tags":[7351,7908],"yst_prominent_words":[1597,1117,2109,1599,3296,2114,848,1737,779,1585,1156,1595,1237,265],"jetpack_featured_media_url":"https:\/\/le12.ma\/fr\/wp-content\/uploads\/2022\/11\/61297342-44708284.jpg","_links":{"self":[{"href":"https:\/\/le12.ma\/fr\/wp-json\/wp\/v2\/posts\/37887"}],"collection":[{"href":"https:\/\/le12.ma\/fr\/wp-json\/wp\/v2\/posts"}],"about":[{"href":"https:\/\/le12.ma\/fr\/wp-json\/wp\/v2\/types\/post"}],"author":[{"embeddable":true,"href":"https:\/\/le12.ma\/fr\/wp-json\/wp\/v2\/users\/2"}],"replies":[{"embeddable":true,"href":"https:\/\/le12.ma\/fr\/wp-json\/wp\/v2\/comments?post=37887"}],"version-history":[{"count":1,"href":"https:\/\/le12.ma\/fr\/wp-json\/wp\/v2\/posts\/37887\/revisions"}],"predecessor-version":[{"id":37888,"href":"https:\/\/le12.ma\/fr\/wp-json\/wp\/v2\/posts\/37887\/revisions\/37888"}],"wp:featuredmedia":[{"embeddable":true,"href":"https:\/\/le12.ma\/fr\/wp-json\/wp\/v2\/media\/29531"}],"wp:attachment":[{"href":"https:\/\/le12.ma\/fr\/wp-json\/wp\/v2\/media?parent=37887"}],"wp:term":[{"taxonomy":"category","embeddable":true,"href":"https:\/\/le12.ma\/fr\/wp-json\/wp\/v2\/categories?post=37887"},{"taxonomy":"post_tag","embeddable":true,"href":"https:\/\/le12.ma\/fr\/wp-json\/wp\/v2\/tags?post=37887"},{"taxonomy":"yst_prominent_words","embeddable":true,"href":"https:\/\/le12.ma\/fr\/wp-json\/wp\/v2\/yst_prominent_words?post=37887"}],"curies":[{"name":"wp","href":"https:\/\/api.w.org\/{rel}","templated":true}]}}