{"id":37809,"date":"2023-12-09T08:45:55","date_gmt":"2023-12-09T07:45:55","guid":{"rendered":"https:\/\/le12.ma\/fr\/?p=37809"},"modified":"2023-12-09T08:15:47","modified_gmt":"2023-12-09T07:15:47","slug":"les-previsions-meteorologiques-pour-ce-samedi-9-decembre-2023","status":"publish","type":"post","link":"https:\/\/le12.ma\/fr\/les-previsions-meteorologiques-pour-ce-samedi-9-decembre-2023\/","title":{"rendered":"Les pr\u00e9visions m\u00e9t\u00e9orologiques pour ce samedi 9 d\u00e9cembre 2023"},"content":{"rendered":"<h2><strong>Voici les pr\u00e9visions m\u00e9t\u00e9orologiques \u00e9tablies par la Direction g\u00e9n\u00e9rale de la m\u00e9t\u00e9orologie (DGM) pour le samedi 9 d\u00e9cembre 2023:<\/strong><\/h2>\n<p><strong>\u2013 <a href=\"https:\/\/le12.ma\/fr\/les-previsions-meteorologiques-pour-ce-jeudi-07-decembre-2023\/\">Temps<\/a> relativement froid avec gel\u00e9e sur l\u2019Atlas, le Rif et les Hauts plateaux orientaux la matin\u00e9e et la nuit.<\/strong><\/p>\n<p><strong>\u2013 <a href=\"https:\/\/www.meteomaroc.com\/meteo\/kenitra\">Formations<\/a> brumeuses locales sur les plaines nord et centre et pr\u00e8s des c\u00f4tes centre.<\/strong><\/p>\n<p><strong>\u2013 Rafales de vent localement assez fortes sur les c\u00f4tes centre et l\u2019Est de la M\u00e9diterran\u00e9e et l\u2019Oriental.<\/strong><\/p>\n<p><strong>\u2013 Quelques chasse-poussi\u00e8res sur l\u2019int\u00e9rieur des provinces du sud et le sud de l\u2019Oriental.<\/strong><\/p>\n<p><strong>\u2013 Temp\u00e9ratures minimales de l\u2019ordre de 03\/08\u00b0C sur l\u2019Atlas, le Rif et les Hauts plateaux orientaux, de 11\/16\u00b0C pr\u00e8s des c\u00f4tes, le Souss et les provinces du sud et de 07\/12\u00b0C sur le reste du pays.<\/strong><\/p>\n<p><strong>\u2013 Temp\u00e9ratures maximales en l\u00e9g\u00e8re baisse sur l\u2019Oriental et en hausse ailleurs.<\/strong><\/p>\n<p><strong>\u2013 Mer peu agit\u00e9e \u00e0 agit\u00e9e en M\u00e9diterran\u00e9e et sur le D\u00e9troit, agit\u00e9e au nord de Tan Tan et peu agit\u00e9e \u00e0 agit\u00e9e au sud.<\/strong><\/p>\n","protected":false},"excerpt":{"rendered":"<p>Voici les pr\u00e9visions m\u00e9t\u00e9orologiques \u00e9tablies par la Direction g\u00e9n\u00e9rale de la m\u00e9t\u00e9orologie (DGM) pour le samedi 9 d\u00e9cembre 2023: \u2013 Temps relativement froid avec gel\u00e9e sur l\u2019Atlas, le Rif et les Hauts plateaux orientaux la matin\u00e9e et la nuit. \u2013 Formations brumeuses locales sur les plaines nord et centre et pr\u00e8s des c\u00f4tes centre. \u2013 [&hellip;]<\/p>\n","protected":false},"author":2,"featured_media":29763,"comment_status":"open","ping_status":"open","sticky":false,"template":"","format":"standard","meta":[],"categories":[26,54,24],"tags":[12144,12327],"yst_prominent_words":[1597,4967,1117,2109,1599,3296,848,1737,779,90,1156],"jetpack_featured_media_url":"https:\/\/le12.ma\/fr\/wp-content\/uploads\/2022\/12\/600882edf28c1-668x368-1.jpg","_links":{"self":[{"href":"https:\/\/le12.ma\/fr\/wp-json\/wp\/v2\/posts\/37809"}],"collection":[{"href":"https:\/\/le12.ma\/fr\/wp-json\/wp\/v2\/posts"}],"about":[{"href":"https:\/\/le12.ma\/fr\/wp-json\/wp\/v2\/types\/post"}],"author":[{"embeddable":true,"href":"https:\/\/le12.ma\/fr\/wp-json\/wp\/v2\/users\/2"}],"replies":[{"embeddable":true,"href":"https:\/\/le12.ma\/fr\/wp-json\/wp\/v2\/comments?post=37809"}],"version-history":[{"count":1,"href":"https:\/\/le12.ma\/fr\/wp-json\/wp\/v2\/posts\/37809\/revisions"}],"predecessor-version":[{"id":37810,"href":"https:\/\/le12.ma\/fr\/wp-json\/wp\/v2\/posts\/37809\/revisions\/37810"}],"wp:featuredmedia":[{"embeddable":true,"href":"https:\/\/le12.ma\/fr\/wp-json\/wp\/v2\/media\/29763"}],"wp:attachment":[{"href":"https:\/\/le12.ma\/fr\/wp-json\/wp\/v2\/media?parent=37809"}],"wp:term":[{"taxonomy":"category","embeddable":true,"href":"https:\/\/le12.ma\/fr\/wp-json\/wp\/v2\/categories?post=37809"},{"taxonomy":"post_tag","embeddable":true,"href":"https:\/\/le12.ma\/fr\/wp-json\/wp\/v2\/tags?post=37809"},{"taxonomy":"yst_prominent_words","embeddable":true,"href":"https:\/\/le12.ma\/fr\/wp-json\/wp\/v2\/yst_prominent_words?post=37809"}],"curies":[{"name":"wp","href":"https:\/\/api.w.org\/{rel}","templated":true}]}}