{"id":37745,"date":"2023-12-07T08:45:02","date_gmt":"2023-12-07T07:45:02","guid":{"rendered":"https:\/\/le12.ma\/fr\/?p=37745"},"modified":"2023-12-07T08:33:19","modified_gmt":"2023-12-07T07:33:19","slug":"les-previsions-meteorologiques-pour-ce-jeudi-07-decembre-2023","status":"publish","type":"post","link":"https:\/\/le12.ma\/fr\/les-previsions-meteorologiques-pour-ce-jeudi-07-decembre-2023\/","title":{"rendered":"Les pr\u00e9visions m\u00e9t\u00e9orologiques pour ce jeudi 07 d\u00e9cembre 2023"},"content":{"rendered":"<h2><strong>Voici les pr\u00e9visions m\u00e9t\u00e9orologiques \u00e9tablies par la Direction g\u00e9n\u00e9rale de la m\u00e9t\u00e9orologie (DGM) pour le jeudi 7 d\u00e9cembre 2023:<\/strong><\/h2>\n<p><strong>\u2013 <a href=\"https:\/\/le12.ma\/fr\/les-previsions-meteorologiques-pour-ce-mardi-5-decembre-2023\/\">Temps<\/a> relativement froid avec de la gel\u00e9e sur les montagnes, la matin\u00e9e et la nuit.<\/strong><\/p>\n<p><strong>\u2013 Temps passag\u00e8rement nuageux sur le Nord-Ouest, le Rif et l\u2019Oriental avec gouttes de pluies \u00e9parses.<\/strong><\/p>\n<p><strong>\u2013 Bruine par <a href=\"https:\/\/www.meteomaroc.com\/meteo\/kenitra\">endroits<\/a> sur les c\u00f4tes au Nord d\u2019El Jadida.<\/strong><\/p>\n<p><strong>\u2013 Formations brumeuses locales sur les c\u00f4tes Centres et Sud.<\/strong><\/p>\n<p><strong>\u2013 Ciel peu nuageux sur le reste du pays.<\/strong><\/p>\n<p><strong>\u2013 Temp\u00e9ratures minimales de l\u2019ordre de 03\/07\u00b0C sur l\u2019Atlas, le Rif et les Hauts Plateaux Orientaux, de 11\/15\u00b0C sur le Gharb, la r\u00e9gion de Tanger, le Centre et le Nord des provinces Sud, de 18\/23\u00b0C sur l\u2019extr\u00eame Sud du pays et de 07\/11\u00b0C partout ailleurs.<\/strong><\/p>\n<p><strong>\u2013 Temp\u00e9ratures maximales en l\u00e9g\u00e8re hausse sur le Nord et en l\u00e9g\u00e8re baisse sur le Sud.<\/strong><\/p>\n<p><strong>\u2013 Mer belle \u00e0 peu agit\u00e9e sur la M\u00e9diterran\u00e9e et le D\u00e9troit et peu agit\u00e9e \u00e0 agit\u00e9e le long du littoral Atlantique.<\/strong><\/p>\n<p>&nbsp;<\/p>\n","protected":false},"excerpt":{"rendered":"<p>Voici les pr\u00e9visions m\u00e9t\u00e9orologiques \u00e9tablies par la Direction g\u00e9n\u00e9rale de la m\u00e9t\u00e9orologie (DGM) pour le jeudi 7 d\u00e9cembre 2023: \u2013 Temps relativement froid avec de la gel\u00e9e sur les montagnes, la matin\u00e9e et la nuit. \u2013 Temps passag\u00e8rement nuageux sur le Nord-Ouest, le Rif et l\u2019Oriental avec gouttes de pluies \u00e9parses. \u2013 Bruine par endroits [&hellip;]<\/p>\n","protected":false},"author":2,"featured_media":29531,"comment_status":"open","ping_status":"open","sticky":false,"template":"","format":"standard","meta":[],"categories":[26,54,24],"tags":[11820,12435],"yst_prominent_words":[1597,2109,1737,98,1156,1237,265],"jetpack_featured_media_url":"https:\/\/le12.ma\/fr\/wp-content\/uploads\/2022\/11\/61297342-44708284.jpg","_links":{"self":[{"href":"https:\/\/le12.ma\/fr\/wp-json\/wp\/v2\/posts\/37745"}],"collection":[{"href":"https:\/\/le12.ma\/fr\/wp-json\/wp\/v2\/posts"}],"about":[{"href":"https:\/\/le12.ma\/fr\/wp-json\/wp\/v2\/types\/post"}],"author":[{"embeddable":true,"href":"https:\/\/le12.ma\/fr\/wp-json\/wp\/v2\/users\/2"}],"replies":[{"embeddable":true,"href":"https:\/\/le12.ma\/fr\/wp-json\/wp\/v2\/comments?post=37745"}],"version-history":[{"count":1,"href":"https:\/\/le12.ma\/fr\/wp-json\/wp\/v2\/posts\/37745\/revisions"}],"predecessor-version":[{"id":37746,"href":"https:\/\/le12.ma\/fr\/wp-json\/wp\/v2\/posts\/37745\/revisions\/37746"}],"wp:featuredmedia":[{"embeddable":true,"href":"https:\/\/le12.ma\/fr\/wp-json\/wp\/v2\/media\/29531"}],"wp:attachment":[{"href":"https:\/\/le12.ma\/fr\/wp-json\/wp\/v2\/media?parent=37745"}],"wp:term":[{"taxonomy":"category","embeddable":true,"href":"https:\/\/le12.ma\/fr\/wp-json\/wp\/v2\/categories?post=37745"},{"taxonomy":"post_tag","embeddable":true,"href":"https:\/\/le12.ma\/fr\/wp-json\/wp\/v2\/tags?post=37745"},{"taxonomy":"yst_prominent_words","embeddable":true,"href":"https:\/\/le12.ma\/fr\/wp-json\/wp\/v2\/yst_prominent_words?post=37745"}],"curies":[{"name":"wp","href":"https:\/\/api.w.org\/{rel}","templated":true}]}}