{"id":37669,"date":"2023-12-05T08:45:22","date_gmt":"2023-12-05T07:45:22","guid":{"rendered":"https:\/\/le12.ma\/fr\/?p=37669"},"modified":"2023-12-05T08:11:33","modified_gmt":"2023-12-05T07:11:33","slug":"les-previsions-meteorologiques-pour-ce-mardi-5-decembre-2023","status":"publish","type":"post","link":"https:\/\/le12.ma\/fr\/les-previsions-meteorologiques-pour-ce-mardi-5-decembre-2023\/","title":{"rendered":"Les pr\u00e9visions m\u00e9t\u00e9orologiques pour ce mardi 5 d\u00e9cembre 2023"},"content":{"rendered":"<h2><strong>Voici les pr\u00e9visions m\u00e9t\u00e9orologiques \u00e9tablies par la Direction g\u00e9n\u00e9rale de la m\u00e9t\u00e9orologie (DGM) pour le mardi 5 d\u00e9cembre 2023:<\/strong><\/h2>\n<p><strong>\u2013 <a href=\"https:\/\/le12.ma\/fr\/les-previsions-meteorologiques-pour-ce-samedi-le-2-decembre-2023\/\">Temps<\/a> relativement froid avec gel\u00e9e locale sur l\u2019Atlas, le Rif, les versants sud-est et le sud de l\u2019Oriental la matin\u00e9e et la nuit.<\/strong><\/p>\n<p><strong>\u2013 <a href=\"https:\/\/www.meteomaroc.com\/meteo\/kenitra\">Formations<\/a> brumeuses sur le nord-ouest des provinces du Sud.<\/strong><\/p>\n<p><strong>\u2013 Pluies par endroits sur les plaines nord, la rive m\u00e9diterran\u00e9enne, le Rif, le Moyen-Atlas et l\u2019Oriental la nuit.<\/strong><\/p>\n<p><strong>\u2013 Circulation de nuages \u00e9lev\u00e9s sur le reste du pays.<\/strong><\/p>\n<p><strong>\u2013 Rafales de vents assez fortes sur le centre.<\/strong><\/p>\n<p><strong>\u2013 Temp\u00e9ratures minimales de l\u2019ordre de 00\/05\u00b0C sur l\u2019Atlas, le Rif, les Hauts plateaux et les versants sud-est, de 08\/12\u00b0C sur le nord des provinces du Sud et les c\u00f4tes nord et centre, de 12\/16\u00b0C sur le sud des provinces du Sud et de 04\/08\u00b0C sur le reste du Royaume.<\/strong><\/p>\n<p><strong>\u2013 Temp\u00e9ratures maximales et l\u00e9g\u00e8re baisse ou peu variables.<\/strong><\/p>\n<p><strong>\u2013 Mer belle \u00e0 peu agit\u00e9e en M\u00e9diterran\u00e9e, peu agit\u00e9e \u00e0 agit\u00e9e sur le D\u00e9troit et peu agit\u00e9e \u00e0 agit\u00e9e le long du littoral atlantique.<\/strong><\/p>\n<p>&nbsp;<\/p>\n","protected":false},"excerpt":{"rendered":"<p>Voici les pr\u00e9visions m\u00e9t\u00e9orologiques \u00e9tablies par la Direction g\u00e9n\u00e9rale de la m\u00e9t\u00e9orologie (DGM) pour le mardi 5 d\u00e9cembre 2023: \u2013 Temps relativement froid avec gel\u00e9e locale sur l\u2019Atlas, le Rif, les versants sud-est et le sud de l\u2019Oriental la matin\u00e9e et la nuit. \u2013 Formations brumeuses sur le nord-ouest des provinces du Sud. \u2013 Pluies [&hellip;]<\/p>\n","protected":false},"author":2,"featured_media":37404,"comment_status":"open","ping_status":"open","sticky":false,"template":"","format":"standard","meta":[],"categories":[26,54,24],"tags":[7351,7908,11829],"yst_prominent_words":[1597,4967,1117,1599,3296,1737,779,90,1156,1595,1237,3295],"jetpack_featured_media_url":"https:\/\/le12.ma\/fr\/wp-content\/uploads\/2023\/11\/temps-froids.jpg","_links":{"self":[{"href":"https:\/\/le12.ma\/fr\/wp-json\/wp\/v2\/posts\/37669"}],"collection":[{"href":"https:\/\/le12.ma\/fr\/wp-json\/wp\/v2\/posts"}],"about":[{"href":"https:\/\/le12.ma\/fr\/wp-json\/wp\/v2\/types\/post"}],"author":[{"embeddable":true,"href":"https:\/\/le12.ma\/fr\/wp-json\/wp\/v2\/users\/2"}],"replies":[{"embeddable":true,"href":"https:\/\/le12.ma\/fr\/wp-json\/wp\/v2\/comments?post=37669"}],"version-history":[{"count":1,"href":"https:\/\/le12.ma\/fr\/wp-json\/wp\/v2\/posts\/37669\/revisions"}],"predecessor-version":[{"id":37670,"href":"https:\/\/le12.ma\/fr\/wp-json\/wp\/v2\/posts\/37669\/revisions\/37670"}],"wp:featuredmedia":[{"embeddable":true,"href":"https:\/\/le12.ma\/fr\/wp-json\/wp\/v2\/media\/37404"}],"wp:attachment":[{"href":"https:\/\/le12.ma\/fr\/wp-json\/wp\/v2\/media?parent=37669"}],"wp:term":[{"taxonomy":"category","embeddable":true,"href":"https:\/\/le12.ma\/fr\/wp-json\/wp\/v2\/categories?post=37669"},{"taxonomy":"post_tag","embeddable":true,"href":"https:\/\/le12.ma\/fr\/wp-json\/wp\/v2\/tags?post=37669"},{"taxonomy":"yst_prominent_words","embeddable":true,"href":"https:\/\/le12.ma\/fr\/wp-json\/wp\/v2\/yst_prominent_words?post=37669"}],"curies":[{"name":"wp","href":"https:\/\/api.w.org\/{rel}","templated":true}]}}