{"id":37027,"date":"2023-11-08T12:15:25","date_gmt":"2023-11-08T11:15:25","guid":{"rendered":"https:\/\/le12.ma\/fr\/?p=37027"},"modified":"2023-11-08T11:35:07","modified_gmt":"2023-11-08T10:35:07","slug":"indonesie-se%d9%80-%d9%80isme-de-magnitude-7-1-au-large-des-moluques","status":"publish","type":"post","link":"https:\/\/le12.ma\/fr\/indonesie-se%d9%80-%d9%80isme-de-magnitude-7-1-au-large-des-moluques\/","title":{"rendered":"Indon\u00e9sie : s\u00e9\u0640.\u0640isme de magnitude 7.1 au large des Moluques"},"content":{"rendered":"<h2><strong>Un tre.mblement de terre de magnitude 7.1 a frapp\u00e9 mercredi l&rsquo;est de l&rsquo;Indon\u00e9sie, au large des Moluques, selon l&rsquo;Institut am\u00e9ricain d&rsquo;\u00e9tudes g\u00e9ologiques (USGS).<\/strong><\/h2>\n<p><strong>La mag.nitude mesur\u00e9e dans un premier temps \u00e0 6.9 a \u00e9t\u00e9 relev\u00e9e \u00e0 7.1 par l&rsquo;USGS. Aucun d\u00e9g\u00e2t ni bless\u00e9 n&rsquo;a \u00e9t\u00e9 signal\u00e9 dans l&rsquo;imm\u00e9diat.<\/strong><\/p>\n<p><strong>Le s\u00e9.isme a eu lieu \u00e0 11h53 (04h53 GMT) \u00e0 10 km de profondeur, \u00e0 345 km de l&rsquo;\u00eele de Ambon et aucune alerte au tsunami n&rsquo;a \u00e9t\u00e9 d\u00e9clench\u00e9e, a pr\u00e9cis\u00e9 l&rsquo;USGS.<\/strong><\/p>\n<p><strong>L&rsquo;Indon\u00e9sie conna\u00eet une activit\u00e9 sismique et <a href=\"https:\/\/www.medi1news.com\/fr\/article\/298866.html\">volcanique<\/a> fr\u00e9quente en raison de sa position sur la \u00ab\u00a0ceinture de feu\u00a0\u00bb du Pacifique, o\u00f9 les plaques tectoniques entrent en collision.<\/strong><\/p>\n<p><strong>En novembre 2022, un s\u00e9.isme de <a href=\"https:\/\/le12.ma\/fr\/a-loccasion-du-48eme-anniversaire-de-la-marche-verte-lancement-de-plusieurs-projets-routiers-a-guelmim\/\">magnitude<\/a> 5,6 avait caus\u00e9 la mort de 602 personnes sur l&rsquo;\u00eele indon\u00e9sienne de Java.<\/strong><\/p>\n<p><strong>Le s\u00e9.isme le plus meurtrier en Indon\u00e9sie, survenu au large de Sumatra le 26 d\u00e9cembre 2004, avait fait plus de 230.000 morts jusqu&rsquo;au Sri Lanka, en Inde et en Tha\u00eflande. Il avait provoqu\u00e9 des vagues gigantesques, jusqu&rsquo;\u00e0 30 m\u00e8tres de hauteur sur le rivage de Banda Aceh, dans le nord de Sumatra. Il \u00e9tait de magnitude 9,1.<\/strong><\/p>\n","protected":false},"excerpt":{"rendered":"<p>Un tre.mblement de terre de magnitude 7.1 a frapp\u00e9 mercredi l&rsquo;est de l&rsquo;Indon\u00e9sie, au large des Moluques, selon l&rsquo;Institut am\u00e9ricain d&rsquo;\u00e9tudes g\u00e9ologiques (USGS). La mag.nitude mesur\u00e9e dans un premier temps \u00e0 6.9 a \u00e9t\u00e9 relev\u00e9e \u00e0 7.1 par l&rsquo;USGS. Aucun d\u00e9g\u00e2t ni bless\u00e9 n&rsquo;a \u00e9t\u00e9 signal\u00e9 dans l&rsquo;imm\u00e9diat. Le s\u00e9.isme a eu lieu \u00e0 11h53 [&hellip;]<\/p>\n","protected":false},"author":2,"featured_media":37028,"comment_status":"open","ping_status":"open","sticky":false,"template":"","format":"standard","meta":[],"categories":[26,28,33,54],"tags":[11727,12066,12067],"yst_prominent_words":[5739],"jetpack_featured_media_url":"https:\/\/le12.ma\/fr\/wp-content\/uploads\/2023\/11\/La-magnitude.jpg","_links":{"self":[{"href":"https:\/\/le12.ma\/fr\/wp-json\/wp\/v2\/posts\/37027"}],"collection":[{"href":"https:\/\/le12.ma\/fr\/wp-json\/wp\/v2\/posts"}],"about":[{"href":"https:\/\/le12.ma\/fr\/wp-json\/wp\/v2\/types\/post"}],"author":[{"embeddable":true,"href":"https:\/\/le12.ma\/fr\/wp-json\/wp\/v2\/users\/2"}],"replies":[{"embeddable":true,"href":"https:\/\/le12.ma\/fr\/wp-json\/wp\/v2\/comments?post=37027"}],"version-history":[{"count":2,"href":"https:\/\/le12.ma\/fr\/wp-json\/wp\/v2\/posts\/37027\/revisions"}],"predecessor-version":[{"id":37030,"href":"https:\/\/le12.ma\/fr\/wp-json\/wp\/v2\/posts\/37027\/revisions\/37030"}],"wp:featuredmedia":[{"embeddable":true,"href":"https:\/\/le12.ma\/fr\/wp-json\/wp\/v2\/media\/37028"}],"wp:attachment":[{"href":"https:\/\/le12.ma\/fr\/wp-json\/wp\/v2\/media?parent=37027"}],"wp:term":[{"taxonomy":"category","embeddable":true,"href":"https:\/\/le12.ma\/fr\/wp-json\/wp\/v2\/categories?post=37027"},{"taxonomy":"post_tag","embeddable":true,"href":"https:\/\/le12.ma\/fr\/wp-json\/wp\/v2\/tags?post=37027"},{"taxonomy":"yst_prominent_words","embeddable":true,"href":"https:\/\/le12.ma\/fr\/wp-json\/wp\/v2\/yst_prominent_words?post=37027"}],"curies":[{"name":"wp","href":"https:\/\/api.w.org\/{rel}","templated":true}]}}