{"id":36677,"date":"2023-10-26T12:11:38","date_gmt":"2023-10-26T11:11:38","guid":{"rendered":"https:\/\/le12.ma\/fr\/?p=36677"},"modified":"2023-10-26T12:11:38","modified_gmt":"2023-10-26T11:11:38","slug":"agriculture-les-recentes-precipitations-ravivent-lespoir-dune-bonne-campagne","status":"publish","type":"post","link":"https:\/\/le12.ma\/fr\/agriculture-les-recentes-precipitations-ravivent-lespoir-dune-bonne-campagne\/","title":{"rendered":"Agriculture : les r\u00e9centes pr\u00e9cipitations ravivent l\u2019espoir d\u2019une bonne campagne"},"content":{"rendered":"<h2><strong>Les r\u00e9centes pr\u00e9cipitations enregistr\u00e9es dans diff\u00e9rentes r\u00e9gions du Royaume ont apport\u00e9 un pr\u00e9cieux soulagement aux agriculteurs confront\u00e9s \u00e0 une s\u00e9cheresse qui s\u2019aggrave depuis plusieurs mois de <a href=\"https:\/\/www.mapbusiness.ma\/a-la-une\/agriculture-les-recentes-precipitations-ravivent-lespoir-dune-bonne-campagne\">hausse de temp\u00e9ratures<\/a>, marquant ainsi un lancement positif de la campagne agricole 2023-2024.<\/strong><\/h2>\n<p><strong>Plusieurs provinces et r\u00e9gions du Maroc ont r\u00e9cemment connu une baisse des temp\u00e9ratures, permettant une <a href=\"https:\/\/le12.ma\/fr\/agriculture-le-maroc-booste-sa-cooperation-internationale\/\">humidification<\/a> de l\u2019air qui demeure un facteur principal de l\u2019am\u00e9lioration de la qualit\u00e9 des cultures, notamment les fruits.<\/strong><\/p>\n<p><strong>Ces pr\u00e9cipitations pourraient ainsi contribuer \u00e0 un d\u00e9marrage favorable de la campagne agricole 2023-2024, ainsi qu\u2019\u00e0 l\u2019am\u00e9lioration des r\u00e9serves d\u2019eau des barrages du Maroc. Encore faut-il la mise en place des mesures n\u00e9cessaires pour tirer profit de ces conditions.<\/strong><\/p>\n<p><strong>Et c\u2019est dans ce sens que le lancement de cette campagne agricole par le ministre de l\u2019Agriculture, de la p\u00eache maritime, du d\u00e9veloppement rural et des eaux et for\u00eats, Mohamed Sadiki, vendredi dernier \u00e0 la commune de Sidi M\u2019hamed Ben Rahal (province de Settat), a \u00e9t\u00e9 marqu\u00e9 par l\u2019annonce d\u2019une batterie de mesures visant \u00e0 faire face aux d\u00e9fis li\u00e9s notamment \u00e0 la raret\u00e9 de l\u2019eau et la chert\u00e9 des intrants agricoles.<\/strong><\/p>\n<p><strong>Il s\u2019agit principalement de l\u2019approvisionnement en facteurs de production (semences et engrais), le d\u00e9veloppement des fili\u00e8res agricoles, la gestion de l\u2019eau d\u2019irrigation, l\u2019assurance agricole, ou encore le financement et l\u2019accompagnement des agriculteurs pour r\u00e9ussir la campagne agricole.<\/strong><\/p>\n<p><strong>Ces mesures s\u2019inscrivent dans le cadre des efforts d\u00e9ploy\u00e9s pour la mise en \u0153uvre de la strat\u00e9gie \u201cG\u00e9n\u00e9ration Green 2020-2030\u201d.<\/strong><\/p>\n<p><strong>De plus, M. Sadiki avait \u00e9galement assur\u00e9 que le programme national de semis direct des c\u00e9r\u00e9ales sera poursuivi sur une superficie de 200.000 ha, notant que cette technique permet de pr\u00e9server la fertilit\u00e9 et l\u2019humidit\u00e9 des sols, d\u2019am\u00e9liorer le rendement c\u00e9r\u00e9alier et de r\u00e9duire les \u00e9missions de carbone.<\/strong><\/p>\n<p><strong>Par ailleurs, le minist\u00e8re de tutelle a mis en place des mesures d\u00e9di\u00e9es \u00e0 la commercialisation de la production ol\u00e9icole, priorisant l\u2019approvisionnement du march\u00e9 national.<\/strong><\/p>\n<p><strong>Le gouvernement a d\u00e9cid\u00e9 ainsi de soumettre \u00e0 licence l\u2019exportation des olives \u00e0 l\u2019\u00e9tat frais ou r\u00e9frig\u00e9r\u00e9, les olives transform\u00e9es, l\u2019huile d\u2019olive et l\u2019huile de grignons d\u2019olives. Une mesure raisonnable qui pourrait \u00eatre g\u00e9n\u00e9ralis\u00e9e \u00e0 d\u2019autres cultures en cas de d\u00e9ficit pluviom\u00e9trique.<\/strong><\/p>\n<p><strong>L\u2019encadrement des agriculteurs : une n\u00e9cessit\u00e9 plus que jamais !<\/strong><\/p>\n<p><strong>Le changement climatique caus\u00e9 par l\u2019activit\u00e9 humaine aggrave la s\u00e9cheresse d\u2019ann\u00e9e en ann\u00e9e, impactant profond\u00e9ment les niveaux de productivit\u00e9 de plusieurs cultures. Cela-dit, l\u2019encadrement des agriculteurs permettra notamment de mieux g\u00e9rer ces conditions climatiques, et surtout de trouver des moyens pour am\u00e9liorer les modes d\u2019exploitation, et par cons\u00e9quent, la productivit\u00e9 des fili\u00e8res agricoles.<\/strong><\/p>\n<p><strong>Les petits agriculteurs ou exploitants agricoles produisent g\u00e9n\u00e9ralement des rendements bien inf\u00e9rieurs \u00e0 leurs rendements potentiels, particuli\u00e8rement \u00e0 cause des mauvaises pratiques agricoles, d\u2019acc\u00e8s limit\u00e9 aux nouvelles technologies agricoles ou du manque de contact avec des acheteurs et des fournisseurs.<\/strong><\/p>\n<p><strong>D\u2019ailleurs, la strat\u00e9gie \u201cG\u00e9n\u00e9ration green 2020-2030\u201d accorde une grande importance au d\u00e9veloppement du capital humain dans ce secteur. Les petits agriculteurs ont \u00e9galement besoin de comprendre les nouveaux d\u00e9fis et opportunit\u00e9s du secteur agricole, notamment le changement climatique, la s\u00e9cheresse et le stress hydriques, ainsi que les nouvelles techniques d\u2019agriculture qui permettent de r\u00e9soudre toute une gamme de probl\u00e8mes.<\/strong><\/p>\n<p><strong>S\u00e9cheresse : place \u00e0 l\u2019agriculture de pr\u00e9cision<\/strong><\/p>\n<p><strong>Les syst\u00e8mes d\u2019agriculture de pr\u00e9cision se d\u00e9veloppent aujourd\u2019hui de mani\u00e8re dynamique, mettant sur le march\u00e9 des techniques de gestion afin d\u2019am\u00e9liorer aussi bien la qualit\u00e9 que la rentabilit\u00e9 des cultures.<\/strong><\/p>\n<p><strong>\u00c0 la t\u00eate de ces technologies figurent le GPS, les drones et les images satellite qui offrent des donn\u00e9es sur les pr\u00e9visions m\u00e9t\u00e9orologiques, les changements environnementaux, l\u2019\u00e9tat des cultures concern\u00e9es, etc.<\/strong><\/p>\n<p><strong>Ces techniques ont \u00e9t\u00e9 forts pr\u00e9sents cette ann\u00e9e lors de la 15\u00e8me \u00e9dition du Salon International de l\u2019Agriculture au Maroc (SIAM) qui s\u2019est tenu en mai dernier \u00e0 Mekn\u00e8s, mettant en avant l\u2019innovation des startups marocaines.<\/strong><\/p>\n<p><strong>Ces techniques demeurent toutefois loin de la port\u00e9e de la plupart des exploitants agricoles en raison de leurs co\u00fbts. Mais la durabilit\u00e9 a aussi un co\u00fbt, et les nouveaux d\u00e9fis appellent les acteurs du secteur \u00e0 continuer \u00e0 se mobiliser pour les relever<\/strong><strong>.<\/strong><\/p>\n","protected":false},"excerpt":{"rendered":"<p>Les r\u00e9centes pr\u00e9cipitations enregistr\u00e9es dans diff\u00e9rentes r\u00e9gions du Royaume ont apport\u00e9 un pr\u00e9cieux soulagement aux agriculteurs confront\u00e9s \u00e0 une s\u00e9cheresse qui s\u2019aggrave depuis plusieurs mois de hausse de temp\u00e9ratures, marquant ainsi un lancement positif de la campagne agricole 2023-2024. Plusieurs provinces et r\u00e9gions du Maroc ont r\u00e9cemment connu une baisse des temp\u00e9ratures, permettant une humidification [&hellip;]<\/p>\n","protected":false},"author":2,"featured_media":33914,"comment_status":"open","ping_status":"open","sticky":false,"template":"","format":"standard","meta":[],"categories":[25,54],"tags":[7566,11884,9256,8878],"yst_prominent_words":[846],"jetpack_featured_media_url":"https:\/\/le12.ma\/fr\/wp-content\/uploads\/2023\/07\/Agriculture.jpg","_links":{"self":[{"href":"https:\/\/le12.ma\/fr\/wp-json\/wp\/v2\/posts\/36677"}],"collection":[{"href":"https:\/\/le12.ma\/fr\/wp-json\/wp\/v2\/posts"}],"about":[{"href":"https:\/\/le12.ma\/fr\/wp-json\/wp\/v2\/types\/post"}],"author":[{"embeddable":true,"href":"https:\/\/le12.ma\/fr\/wp-json\/wp\/v2\/users\/2"}],"replies":[{"embeddable":true,"href":"https:\/\/le12.ma\/fr\/wp-json\/wp\/v2\/comments?post=36677"}],"version-history":[{"count":1,"href":"https:\/\/le12.ma\/fr\/wp-json\/wp\/v2\/posts\/36677\/revisions"}],"predecessor-version":[{"id":36678,"href":"https:\/\/le12.ma\/fr\/wp-json\/wp\/v2\/posts\/36677\/revisions\/36678"}],"wp:featuredmedia":[{"embeddable":true,"href":"https:\/\/le12.ma\/fr\/wp-json\/wp\/v2\/media\/33914"}],"wp:attachment":[{"href":"https:\/\/le12.ma\/fr\/wp-json\/wp\/v2\/media?parent=36677"}],"wp:term":[{"taxonomy":"category","embeddable":true,"href":"https:\/\/le12.ma\/fr\/wp-json\/wp\/v2\/categories?post=36677"},{"taxonomy":"post_tag","embeddable":true,"href":"https:\/\/le12.ma\/fr\/wp-json\/wp\/v2\/tags?post=36677"},{"taxonomy":"yst_prominent_words","embeddable":true,"href":"https:\/\/le12.ma\/fr\/wp-json\/wp\/v2\/yst_prominent_words?post=36677"}],"curies":[{"name":"wp","href":"https:\/\/api.w.org\/{rel}","templated":true}]}}