{"id":36572,"date":"2023-10-24T15:30:15","date_gmt":"2023-10-24T14:30:15","guid":{"rendered":"https:\/\/le12.ma\/fr\/?p=36572"},"modified":"2023-10-24T15:10:34","modified_gmt":"2023-10-24T14:10:34","slug":"prolongement-de-la-3eme-edition-du-concours-la-marche-verte-vue-par-les-jeunes-createurs-de-limage","status":"publish","type":"post","link":"https:\/\/le12.ma\/fr\/prolongement-de-la-3eme-edition-du-concours-la-marche-verte-vue-par-les-jeunes-createurs-de-limage\/","title":{"rendered":"Prolongement de la 3\u00e8me \u00e9dition du concours \u201cla Marche Verte, vue par les jeunes cr\u00e9ateurs de l\u2019image\u201d"},"content":{"rendered":"<h2><strong>Le Centre Cin\u00e9matographique Marocain (CCM) a annonc\u00e9 la prolongation jusqu\u2019au 30 octobre du d\u00e9lai de d\u00e9p\u00f4t des dossiers de candidature pour la 3\u00e8me \u00e9dition du concours de <a href=\"https:\/\/www.mapexpress.ma\/actualite\/culture-et-medias\/3eme-edition-du-concours-marche-verte-vue-les-jeunes-createurs-limage-delai-candidatures-prolonge-jusquau-30-octobre\/\">court-m\u00e9trage<\/a> sur le th\u00e8me \u201cla Marche Verte, vue par les jeunes cr\u00e9ateurs de l\u2019image\u201d.<\/strong><\/h2>\n<p><strong>A l\u2019occasion de la comm\u00e9moration du 48\u00e8me anniversaire de cet \u00e9v\u00e9nement, la Cin\u00e9math\u00e8que Marocaine mettra \u00e0 <a href=\"https:\/\/le12.ma\/fr\/droit-dacces-a-linformation-convention-de-partenariat-et-de-cooperation-entre-la-cdai-et-le-ccme\/\">la disposition<\/a> des participants des photos d\u2019archives qui documentent ce moment historique afin qu\u2019ils puissent les exploiter dans leurs r\u00e9alisations.<\/strong><\/p>\n<p><strong>Organis\u00e9 en collaboration avec le minist\u00e8re de la Jeunesse, de la Culture et de la Communication, ce concours vise \u00e0 \u201cillustrer avec des images d\u2019archives, de fiction ou d\u2019animation\u201d cet \u00e9v\u00e9nement majeur qui a marqu\u00e9 l\u2019histoire du Royaume du Maroc, souligne un communiqu\u00e9 des organisateurs.<\/strong><\/p>\n<p><strong>Ce concours est ouvert aux jeunes r\u00e9alisateurs amateurs et cr\u00e9ateurs de l\u2019image et de contenu vid\u00e9o \u00e2g\u00e9s de 35 ans au plus.<\/strong><\/p>\n<p><strong>Les candidatures devront \u00eatre d\u00e9pos\u00e9es avec les films au CCM ou envoy\u00e9es avant la date limite du 20 octobre \u00e0 l\u2019adresse \u00e9lectronique: \u201c<a href=\"mailto:filmcourtmarcheverte@ccm.ma\">filmcourtmarcheverte@ccm.ma<\/a>\u201d.<\/strong><\/p>\n<p><strong>Pour plus d\u2019informations sur le r\u00e8glement du concours et la fiche d\u2019inscription, le Centre invite les candidats \u00e0 les t\u00e9l\u00e9charger sur son site web <a href=\"http:\/\/\u201cwww.ccm.ma\u201d\">\u201cwww.ccm.ma\u201d<\/a>.<\/strong><\/p>\n","protected":false},"excerpt":{"rendered":"<p>Le Centre Cin\u00e9matographique Marocain (CCM) a annonc\u00e9 la prolongation jusqu\u2019au 30 octobre du d\u00e9lai de d\u00e9p\u00f4t des dossiers de candidature pour la 3\u00e8me \u00e9dition du concours de court-m\u00e9trage sur le th\u00e8me \u201cla Marche Verte, vue par les jeunes cr\u00e9ateurs de l\u2019image\u201d. A l\u2019occasion de la comm\u00e9moration du 48\u00e8me anniversaire de cet \u00e9v\u00e9nement, la Cin\u00e9math\u00e8que Marocaine [&hellip;]<\/p>\n","protected":false},"author":2,"featured_media":36573,"comment_status":"open","ping_status":"open","sticky":false,"template":"","format":"standard","meta":[],"categories":[31,54,24],"tags":[10393,11840],"yst_prominent_words":[451,1117,1555,2853,1957],"jetpack_featured_media_url":"https:\/\/le12.ma\/fr\/wp-content\/uploads\/2023\/10\/ccm.jpg","_links":{"self":[{"href":"https:\/\/le12.ma\/fr\/wp-json\/wp\/v2\/posts\/36572"}],"collection":[{"href":"https:\/\/le12.ma\/fr\/wp-json\/wp\/v2\/posts"}],"about":[{"href":"https:\/\/le12.ma\/fr\/wp-json\/wp\/v2\/types\/post"}],"author":[{"embeddable":true,"href":"https:\/\/le12.ma\/fr\/wp-json\/wp\/v2\/users\/2"}],"replies":[{"embeddable":true,"href":"https:\/\/le12.ma\/fr\/wp-json\/wp\/v2\/comments?post=36572"}],"version-history":[{"count":1,"href":"https:\/\/le12.ma\/fr\/wp-json\/wp\/v2\/posts\/36572\/revisions"}],"predecessor-version":[{"id":36574,"href":"https:\/\/le12.ma\/fr\/wp-json\/wp\/v2\/posts\/36572\/revisions\/36574"}],"wp:featuredmedia":[{"embeddable":true,"href":"https:\/\/le12.ma\/fr\/wp-json\/wp\/v2\/media\/36573"}],"wp:attachment":[{"href":"https:\/\/le12.ma\/fr\/wp-json\/wp\/v2\/media?parent=36572"}],"wp:term":[{"taxonomy":"category","embeddable":true,"href":"https:\/\/le12.ma\/fr\/wp-json\/wp\/v2\/categories?post=36572"},{"taxonomy":"post_tag","embeddable":true,"href":"https:\/\/le12.ma\/fr\/wp-json\/wp\/v2\/tags?post=36572"},{"taxonomy":"yst_prominent_words","embeddable":true,"href":"https:\/\/le12.ma\/fr\/wp-json\/wp\/v2\/yst_prominent_words?post=36572"}],"curies":[{"name":"wp","href":"https:\/\/api.w.org\/{rel}","templated":true}]}}