{"id":36396,"date":"2023-10-17T10:17:25","date_gmt":"2023-10-17T09:17:25","guid":{"rendered":"https:\/\/le12.ma\/fr\/?p=36396"},"modified":"2023-10-17T10:17:25","modified_gmt":"2023-10-17T09:17:25","slug":"cloture-de-la-1ere-edition-nationales-du-projet-national-de-la-lecture","status":"publish","type":"post","link":"https:\/\/le12.ma\/fr\/cloture-de-la-1ere-edition-nationales-du-projet-national-de-la-lecture\/","title":{"rendered":"Cl\u00f4ture de la 1\u00e8re \u00e9dition nationales du Projet national de la lecture"},"content":{"rendered":"<h2><strong>A annonc\u00e9 Le minist\u00e8re de l\u2019Education nationale, du Pr\u00e9scolaire et des Sports la cl\u00f4ture de la premi\u00e8re \u00e9dition des \u00e9liminatoires nationales du Projet national de lecture, initi\u00e9e en collaboration avec l\u2019organisation Research Science Institute (RSI).<\/strong><\/h2>\n<p><strong>Cet \u00e9v\u00e9nement, organis\u00e9 les 13 et 14 octobre \u00e0 Rabat, a permis de choisir les laur\u00e9ats dans les quatre cat\u00e9gories: <a href=\"https:\/\/www.mapexpress.ma\/actualite\/culture-et-medias\/cloture-1ere-edition-eliminatoires-nationales-du-projet-national-lecture\/\">\u201cL\u2019\u00e9tudiant instruit\u201d<\/a>, \u201cLe lecteur Diamond\u201d, \u201cL\u2019enseignant instruit\u201d et \u201cL\u2019\u00e9tablissement des Lumi\u00e8res\u201d, indique un communiqu\u00e9 du minist\u00e8re.<\/strong><\/p>\n<p><strong>Ainsi, 156 \u00e9l\u00e8ves de diff\u00e9rentes r\u00e9gions du Royaume se sont qualifi\u00e9s pour les finales, couvrant les niveaux du premier cycle primaire jusqu\u2019\u00e0 la 2\u00e8me ann\u00e9e du baccalaur\u00e9at, dans la cat\u00e9gorie \u201cL\u2019\u00e9tudiant instruit\u201d, pr\u00e9cise <a href=\"https:\/\/le12.ma\/fr\/prescolaire-le-taux-de-scolarisation-a-76-en-2022-2023\/\">le minist\u00e8re<\/a>, faisant savoir que des prix d\u2019une valeur totale d\u2019un million de DH ont \u00e9t\u00e9 attribu\u00e9s aux vainqueurs dans cette cat\u00e9gorie.<\/strong><\/p>\n<p><strong>S\u2019agissant de la cat\u00e9gorie \u201cL\u2019enseignant instruit\u201d, la m\u00eame source ajoute que 39 enseignants ont concouru pour le titre, notant qu\u2019il s\u2019agit d\u2019une comp\u00e9tition de lecture d\u00e9di\u00e9e aux enseignants, englobant tous les enseignants, du niveau primaire \u00e0 la 2\u00e8me ann\u00e9e du baccalaur\u00e9at, avec des prix d\u2019une valeur totale de 500.000 DH d\u00e9cern\u00e9s aux gagnants.<\/strong><\/p>\n<p><strong>Dans la cat\u00e9gorie \u201cLe lecteur Diamond\u201d, 28 \u00e9tudiants issus des universit\u00e9s, des \u00e9tablissements d\u2019enseignement sup\u00e9rieur et des centres de formation de cadres au Maroc se sont qualifi\u00e9s pour les finales, poursuit la m\u00eame source, relevant que des prix d\u2019une valeur totale de 500.000 DH ont \u00e9t\u00e9 remis aux laur\u00e9ats de cette cat\u00e9gorie.<\/strong><\/p>\n<p><strong>Pour ce qui est de la quatri\u00e8me cat\u00e9gorie, 16 \u00e9tablissements ont \u00e9t\u00e9 s\u00e9lectionn\u00e9s cette ann\u00e9e pour participer aux finales de \u201cL\u2019\u00e9tablissement des Lumi\u00e8res\u201d, d\u00e9taille le communiqu\u00e9, faisant savoir qu\u2019il s\u2019agit d\u2019une comp\u00e9tition d\u00e9di\u00e9e aux \u00e9tablissements p\u00e9dagogiques, culturels, civils et m\u00e9diatiques, ainsi qu\u2019aux maisons d\u2019\u00e9dition, avec des prix d\u2019une valeur totale de 500.000 DH attribu\u00e9s aux \u00e9tablissements gagnants.<\/strong><\/p>\n<p><strong>Le minist\u00e8re a par ailleurs mis en avant l\u2019atmosph\u00e8re culturelle exceptionnelle ainsi que la comp\u00e9titivit\u00e9 ayant marqu\u00e9 la cl\u00f4ture des \u00e9liminatoires nationales du projet lors de sa premi\u00e8re \u00e9dition, marqu\u00e9e par la participation de toutes les r\u00e9gions du Royaume, notant que tous les participants, \u00e9l\u00e8ves ou enseignants, ont \u00e9t\u00e9 honor\u00e9s lors de cet \u00e9v\u00e9nement.<\/strong><\/p>\n<p><strong>Lanc\u00e9 le 14 novembre 2022, le Projet national de lecture qui s\u2019inscrit dans le cadre de la Vision strat\u00e9gique de la r\u00e9forme du syst\u00e8me d\u2019\u00e9ducation et du Nouveau mod\u00e8le de d\u00e9veloppement vise \u00e0 promouvoir la lecture dans tous ses aspects et \u00e0 contribuer ainsi \u00e0 la renaissance de l\u2019\u00e9ducation.<\/strong><\/p>\n","protected":false},"excerpt":{"rendered":"<p>A annonc\u00e9 Le minist\u00e8re de l\u2019Education nationale, du Pr\u00e9scolaire et des Sports la cl\u00f4ture de la premi\u00e8re \u00e9dition des \u00e9liminatoires nationales du Projet national de lecture, initi\u00e9e en collaboration avec l\u2019organisation Research Science Institute (RSI). Cet \u00e9v\u00e9nement, organis\u00e9 les 13 et 14 octobre \u00e0 Rabat, a permis de choisir les laur\u00e9ats dans les quatre cat\u00e9gories: [&hellip;]<\/p>\n","protected":false},"author":2,"featured_media":36397,"comment_status":"open","ping_status":"open","sticky":false,"template":"","format":"standard","meta":[],"categories":[31,54,24],"tags":[11773,11775,11772,11774],"yst_prominent_words":[],"jetpack_featured_media_url":"https:\/\/le12.ma\/fr\/wp-content\/uploads\/2023\/10\/11.webp","_links":{"self":[{"href":"https:\/\/le12.ma\/fr\/wp-json\/wp\/v2\/posts\/36396"}],"collection":[{"href":"https:\/\/le12.ma\/fr\/wp-json\/wp\/v2\/posts"}],"about":[{"href":"https:\/\/le12.ma\/fr\/wp-json\/wp\/v2\/types\/post"}],"author":[{"embeddable":true,"href":"https:\/\/le12.ma\/fr\/wp-json\/wp\/v2\/users\/2"}],"replies":[{"embeddable":true,"href":"https:\/\/le12.ma\/fr\/wp-json\/wp\/v2\/comments?post=36396"}],"version-history":[{"count":1,"href":"https:\/\/le12.ma\/fr\/wp-json\/wp\/v2\/posts\/36396\/revisions"}],"predecessor-version":[{"id":36398,"href":"https:\/\/le12.ma\/fr\/wp-json\/wp\/v2\/posts\/36396\/revisions\/36398"}],"wp:featuredmedia":[{"embeddable":true,"href":"https:\/\/le12.ma\/fr\/wp-json\/wp\/v2\/media\/36397"}],"wp:attachment":[{"href":"https:\/\/le12.ma\/fr\/wp-json\/wp\/v2\/media?parent=36396"}],"wp:term":[{"taxonomy":"category","embeddable":true,"href":"https:\/\/le12.ma\/fr\/wp-json\/wp\/v2\/categories?post=36396"},{"taxonomy":"post_tag","embeddable":true,"href":"https:\/\/le12.ma\/fr\/wp-json\/wp\/v2\/tags?post=36396"},{"taxonomy":"yst_prominent_words","embeddable":true,"href":"https:\/\/le12.ma\/fr\/wp-json\/wp\/v2\/yst_prominent_words?post=36396"}],"curies":[{"name":"wp","href":"https:\/\/api.w.org\/{rel}","templated":true}]}}