{"id":36375,"date":"2023-10-16T14:37:40","date_gmt":"2023-10-16T13:37:40","guid":{"rendered":"https:\/\/le12.ma\/fr\/?p=36375"},"modified":"2023-10-16T14:39:53","modified_gmt":"2023-10-16T13:39:53","slug":"le-film-lesclave","status":"publish","type":"post","link":"https:\/\/le12.ma\/fr\/le-film-lesclave\/","title":{"rendered":"Le film \u00ab\u00a0l\u2019Esclave\u00a0\u00bb repr\u00e9sente le Maroc au 1er Festival international du Film de Nouakchott"},"content":{"rendered":"<h2><strong>Le film <a href=\"https:\/\/www.medi1news.com\/fr\/article\/296483.html\">\u00ab\u00a0l&rsquo;Esclave\u00a0\u00bb<\/a> de son r\u00e9alisateur Abdelilah El Jaouhari repr\u00e9sente le Maroc \u00e0 la premi\u00e8re \u00e9dition du Festival International du Film de Nouakchott qui se tient du 15 au 19 octobre courant, avec la participation de 12 pays.<\/strong><\/h2>\n<p><strong>\u00ab\u00a0L\u2019Esclave\u00a0\u00bb est en lice dans la comp\u00e9tition de longs m\u00e9trages aux c\u00f4t\u00e9s de trois autres productions, a indiqu\u00e9 le r\u00e9alisateur marocain, dans une d\u00e9claration \u00e0 la MAP, soulignant que cette \u00e9dition rev\u00eat une grande importance, eu \u00e9gard \u00e0 sa contribution au rapprochement entre les peuples de la r\u00e9gion, \u00e0 travers l&rsquo;art et la culture.<\/strong><\/p>\n<p><strong>La participation d&rsquo;un film marocain dans cette manifestation culturelle t\u00e9moigne de l&rsquo;importance et la place dont jouissent le cin\u00e9ma et les r\u00e9alisateurs marocains, a relev\u00e9 Abdelilah El Jaouhari, notant que ce festival offre l\u2019opportunit\u00e9 de promouvoir le cin\u00e9ma du Royaume.<\/strong><\/p>\n<p><strong>Le long m\u00e9trage du r\u00e9alisateur Abdelilah El Jaouhary traite notamment du rapport au travail, de la place dominante qu\u2019il prend dans l\u2019existence individuelle et collective de personnes et des soci\u00e9t\u00e9s.<\/strong><\/p>\n<p><strong>Le concours des longs m\u00e9trages verra la participation d\u2019autres productions dont le film \u00ab 19B \u00bb r\u00e9alis\u00e9 par Ahmed Abdullah Al-Sayed (Egypte) et Tu mourras \u00e0 vingt ans \u00bb d\u2019Amjad Abua Alala (Soudan).<\/strong><\/p>\n<p><strong>Le jury de la comp\u00e9tition des longs m\u00e9trages est pr\u00e9sid\u00e9 par le r\u00e9alisateur mauritanien Abderrahmane Cissako et comprend \u00e9galement l\u2019acteur tunisien Mohadheb Al-Rumayli, l\u2019acteur syrien Firas Ibrahim et le r\u00e9alisateur s\u00e9n\u00e9galais Moussa Tour\u00e9.<\/strong><\/p>\n<p><strong>En outre, sept <a href=\"https:\/\/le12.ma\/fr\/lancement-dune-plateforme-culturelle-dediee-au-patrimoine-marocain-aux-livres-et-aux-festivals-culturels\/\">films<\/a> repr\u00e9sentant la Mauritanie, l\u2019\u00c9gypte, le Y\u00e9men, l\u2019Irak, Sultanat d\u2019Oman et le S\u00e9n\u00e9gal sont en lice dans la comp\u00e9tition des courts m\u00e9trages<\/strong><\/p>\n<p><strong>Ce festival verra la projection de 28 films locaux et \u00e9trangers et accueillera 21 invit\u00e9s de plusieurs pays. Au menu de cette \u00e9dition, plusieurs comp\u00e9titions mettront en lice des longs m\u00e9trages, des courts m\u00e9trages narratifs, des films d\u2019atelier et des films \u00ab Cine-Mobile \u00bb, outre un concours de cr\u00e9ateurs de contenu.<\/strong><\/p>\n<p><strong>\u00a0<\/strong><\/p>\n","protected":false},"excerpt":{"rendered":"<p>Le film \u00ab\u00a0l&rsquo;Esclave\u00a0\u00bb de son r\u00e9alisateur Abdelilah El Jaouhari repr\u00e9sente le Maroc \u00e0 la premi\u00e8re \u00e9dition du Festival International du Film de Nouakchott qui se tient du 15 au 19 octobre courant, avec la participation de 12 pays. \u00ab\u00a0L\u2019Esclave\u00a0\u00bb est en lice dans la comp\u00e9tition de longs m\u00e9trages aux c\u00f4t\u00e9s de trois autres productions, a [&hellip;]<\/p>\n","protected":false},"author":2,"featured_media":36376,"comment_status":"open","ping_status":"open","sticky":false,"template":"","format":"standard","meta":[],"categories":[9442,54],"tags":[11758,6315,11759,11757],"yst_prominent_words":[458,444,257,1006,457,456,446,4473],"jetpack_featured_media_url":"https:\/\/le12.ma\/fr\/wp-content\/uploads\/2023\/10\/LEsclave-723x1024.jpg.webp","_links":{"self":[{"href":"https:\/\/le12.ma\/fr\/wp-json\/wp\/v2\/posts\/36375"}],"collection":[{"href":"https:\/\/le12.ma\/fr\/wp-json\/wp\/v2\/posts"}],"about":[{"href":"https:\/\/le12.ma\/fr\/wp-json\/wp\/v2\/types\/post"}],"author":[{"embeddable":true,"href":"https:\/\/le12.ma\/fr\/wp-json\/wp\/v2\/users\/2"}],"replies":[{"embeddable":true,"href":"https:\/\/le12.ma\/fr\/wp-json\/wp\/v2\/comments?post=36375"}],"version-history":[{"count":1,"href":"https:\/\/le12.ma\/fr\/wp-json\/wp\/v2\/posts\/36375\/revisions"}],"predecessor-version":[{"id":36378,"href":"https:\/\/le12.ma\/fr\/wp-json\/wp\/v2\/posts\/36375\/revisions\/36378"}],"wp:featuredmedia":[{"embeddable":true,"href":"https:\/\/le12.ma\/fr\/wp-json\/wp\/v2\/media\/36376"}],"wp:attachment":[{"href":"https:\/\/le12.ma\/fr\/wp-json\/wp\/v2\/media?parent=36375"}],"wp:term":[{"taxonomy":"category","embeddable":true,"href":"https:\/\/le12.ma\/fr\/wp-json\/wp\/v2\/categories?post=36375"},{"taxonomy":"post_tag","embeddable":true,"href":"https:\/\/le12.ma\/fr\/wp-json\/wp\/v2\/tags?post=36375"},{"taxonomy":"yst_prominent_words","embeddable":true,"href":"https:\/\/le12.ma\/fr\/wp-json\/wp\/v2\/yst_prominent_words?post=36375"}],"curies":[{"name":"wp","href":"https:\/\/api.w.org\/{rel}","templated":true}]}}