{"id":36228,"date":"2023-09-26T21:59:01","date_gmt":"2023-09-26T20:59:01","guid":{"rendered":"https:\/\/le12.ma\/fr\/?p=36228"},"modified":"2023-09-26T21:59:01","modified_gmt":"2023-09-26T20:59:01","slug":"la-ville-de-choucha-declaree-capitale-culturelle-du-monde-islamique","status":"publish","type":"post","link":"https:\/\/le12.ma\/fr\/la-ville-de-choucha-declaree-capitale-culturelle-du-monde-islamique\/","title":{"rendered":"La ville de Choucha d\u00e9clar\u00e9e \u00ab Capitale culturelle du monde islamique \u00bb"},"content":{"rendered":"<p class=\"p1\">\n<h2 class=\"p1\"><em><span style=\"color: #000000;\"><strong><span style=\"-webkit-text-size-adjust: 100%;\"> <span class=\"s2\">Apr\u00e8s les villes de Bakou en 2009 et de Nakchivan en 2018, ajoute le communiqu\u00e9, Choucha est la troisi\u00e8me ville azerba\u00efdjanaise d\u00e9clar\u00e9e capitale culturelle du monde islamique.<\/span><\/span><\/strong><\/span><\/em><\/h2>\n<p class=\"p1\"><span style=\"color: #ff0000;\"><strong><span style=\"-webkit-text-size-adjust: 100%;\">Par Driss Lyakoubi<\/span><\/strong><\/span><\/p>\n<p class=\"p1\"><strong><span class=\"s2\">Lors de la 12\u00e8me conf\u00e9rence des ministres de la Culture du monde islamique qui s&rsquo;est tenue, les 25 et 26 septembre 2023, \u00e0 Doha, capitale \u00a0 du \u00a0 Qatar, la ville de Choucha a \u00e9t\u00e9 d\u00e9clar\u00e9e \u00ab Capitale culturelle du monde islamique \u00bb pour l\u2019ann\u00e9e 2024. La candidature de cette capitale culturelle de l&rsquo;Azerba\u00efdjan a \u00a0 \u00e9t\u00e9 \u00a0 pr\u00e9sent\u00e9e \u00a0 par \u00a0 le \u00a0 ministre \u00a0 de \u00a0 la \u00a0 Culture \u00a0 de \u00a0 la \u00a0 R\u00e9publique d&rsquo;Azerba\u00efdjan, Adil Karimli.<\/span><\/strong><\/p>\n<p class=\"p1\"><strong><span class=\"s2\">En vue d\u2019inscrire la ville de Choucha \u00ab\u00a0Capitale culturelle du monde islamique\u00a0\u00bb, une mission d\u2019experts de renomm\u00e9e mondiale et de responsables de l\u2019ICESCO s\u2019est rendue \u00e0 plusieurs reprises sur place et a constat\u00e9 de visu les grands travaux de r\u00e9novation et de restauration qui ont \u00e9t\u00e9 r\u00e9alis\u00e9s.<\/span><\/strong><\/p>\n<p class=\"p1\"><strong><span class=\"s2\">A cet \u00e9gard, le travail titanesque de restauration de l\u2019h\u00e9ritage culturel et historique de Choucha par la Fondation \u00a0Heydar Aliyev sous la direction et la supervision de Mme Mehriban Aliyeva, premier vice-pr\u00e9sident, ambassadrice de Bonne volont\u00e9 de l\u2019ICESCO a suscit\u00e9 l\u2019admiration des pays islamiques, ce qui s\u2019est traduit par le vote \u00e0 l\u2019unanimit\u00e9 cette ancienne ville azerba\u00efdjanaise \u00ab\u00a0Capitale culturelle du monde islamique\u00a0\u00bb pour l\u2019ann\u00e9e 2024.<\/span><\/strong><\/p>\n<p class=\"p1\"><strong><span class=\"s2\">Il est \u00e0 rappeler que la cit\u00e9 de Choucha a longtemps souffert de l\u2019occupation arm\u00e9nienne et a subi des d\u00e9g\u00e2ts \u00e9normes durant plus de trente ans. Lib\u00e9r\u00e9e en 2020, cette ville qu\u2019on appelle la perle du Karabakh a \u00e9t\u00e9 reconstruite dans un laps de temps relativement r\u00e9duit et ses monuments historiques et culturels, ainsi que ses \u00e9difices religieux ont \u00e9t\u00e9 restaur\u00e9s par la Fondation Heydar Aliyev. Selon un communiqu\u00e9 de l\u2019ambassade de l\u2019Azerba\u00efdjan \u00e0 Rabat, \u00ab\u00a0la ville de \u00a0 Choucha \u00a0 a accueilli \u00a0ces derniers temps plusieurs \u00e9v\u00e9nements \u00a0 culturels internationaux<\/span><\/strong><\/p>\n<p class=\"p1\"><strong><span class=\"s2\">Apr\u00e8s les villes de Bakou en 2009 et de Nakchivan en 2018, ajoute le communiqu\u00e9, Choucha est la troisi\u00e8me ville azerba\u00efdjanaise d\u00e9clar\u00e9e capitale culturelle du monde islamique.<br \/>\nCette d\u00e9cision qualifi\u00e9e d\u2019historique et symbolique, par l\u2019Azerba\u00efdjan, constitue une reconnaissance des efforts d\u00e9ploy\u00e9s par ce pays du Caucase pour que cette <a href=\"https:\/\/le12.ma\/fr\/la-diversite-de-la-culture-africaine-a-lhonneur-lors-de-la-cloture-de-rabat-capitale-africaine-de-la-culture\/\">capitale<\/a> culturelle retrouve son aura d\u2019antan comme l\u2019un des berceaux de la civilisation islamique.<\/span><\/strong><\/p>\n<p class=\"p1\"><strong><span class=\"s2\">A noter, par ailleurs, que compte tenu de son rayonnement culturel, plusieurs livres ont \u00e9t\u00e9 \u00e9crits sur Choucha et ont d\u00e9j\u00e0 \u00e9t\u00e9 publi\u00e9s dans diff\u00e9rentes langues. Elle a \u00e9t\u00e9 surnomm\u00e9e \u00ab\u00a0La perle du Caucase\u00a0\u00bb par le grand \u00e9crivain fran\u00e7ais Alexandre Dumas.<\/span><\/strong><\/p>\n","protected":false},"excerpt":{"rendered":"<p>Apr\u00e8s les villes de Bakou en 2009 et de Nakchivan en 2018, ajoute le communiqu\u00e9, Choucha est la troisi\u00e8me ville azerba\u00efdjanaise d\u00e9clar\u00e9e capitale culturelle du monde islamique. Par Driss Lyakoubi Lors de la 12\u00e8me conf\u00e9rence des ministres de la Culture du monde islamique qui s&rsquo;est tenue, les 25 et 26 septembre 2023, \u00e0 Doha, capitale [&hellip;]<\/p>\n","protected":false},"author":2,"featured_media":36229,"comment_status":"open","ping_status":"open","sticky":false,"template":"","format":"standard","meta":[],"categories":[31,33,54],"tags":[11718,11717,11719],"yst_prominent_words":[],"jetpack_featured_media_url":"https:\/\/le12.ma\/fr\/wp-content\/uploads\/2023\/09\/B0B2E955-89C7-406F-965F-07D80505217F.jpeg","_links":{"self":[{"href":"https:\/\/le12.ma\/fr\/wp-json\/wp\/v2\/posts\/36228"}],"collection":[{"href":"https:\/\/le12.ma\/fr\/wp-json\/wp\/v2\/posts"}],"about":[{"href":"https:\/\/le12.ma\/fr\/wp-json\/wp\/v2\/types\/post"}],"author":[{"embeddable":true,"href":"https:\/\/le12.ma\/fr\/wp-json\/wp\/v2\/users\/2"}],"replies":[{"embeddable":true,"href":"https:\/\/le12.ma\/fr\/wp-json\/wp\/v2\/comments?post=36228"}],"version-history":[{"count":1,"href":"https:\/\/le12.ma\/fr\/wp-json\/wp\/v2\/posts\/36228\/revisions"}],"predecessor-version":[{"id":36230,"href":"https:\/\/le12.ma\/fr\/wp-json\/wp\/v2\/posts\/36228\/revisions\/36230"}],"wp:featuredmedia":[{"embeddable":true,"href":"https:\/\/le12.ma\/fr\/wp-json\/wp\/v2\/media\/36229"}],"wp:attachment":[{"href":"https:\/\/le12.ma\/fr\/wp-json\/wp\/v2\/media?parent=36228"}],"wp:term":[{"taxonomy":"category","embeddable":true,"href":"https:\/\/le12.ma\/fr\/wp-json\/wp\/v2\/categories?post=36228"},{"taxonomy":"post_tag","embeddable":true,"href":"https:\/\/le12.ma\/fr\/wp-json\/wp\/v2\/tags?post=36228"},{"taxonomy":"yst_prominent_words","embeddable":true,"href":"https:\/\/le12.ma\/fr\/wp-json\/wp\/v2\/yst_prominent_words?post=36228"}],"curies":[{"name":"wp","href":"https:\/\/api.w.org\/{rel}","templated":true}]}}