{"id":35797,"date":"2023-08-09T10:26:45","date_gmt":"2023-08-09T09:26:45","guid":{"rendered":"https:\/\/le12.ma\/fr\/?p=35797"},"modified":"2023-08-09T10:26:45","modified_gmt":"2023-08-09T09:26:45","slug":"lartisanat-a-lhonneur-a-safi","status":"publish","type":"post","link":"https:\/\/le12.ma\/fr\/lartisanat-a-lhonneur-a-safi\/","title":{"rendered":"L\u2019artisanat \u00e0 l\u2019honneur \u00e0 Safi"},"content":{"rendered":"<h2><strong>La Chambre d\u2019artisanat de la r\u00e9gion Marrakech-Safi organise du 11 au 21 ao\u00fbt courant, \u00e0 la cit\u00e9 de l\u2019Oc\u00e9an, un salon r\u00e9gional sous le th\u00e8me \u201cles m\u00e9tiers <a href=\"https:\/\/www.mapexpress.ma\/actualite\/culture-et-medias\/lartisanat-lhonneur-safi\/\">authentiques<\/a> : art et cr\u00e9ation\u201d.<\/strong><\/h2>\n<p><strong>Ce salon s\u2019inscrit dans le cadre de la mise en \u0153uvre du plan d\u2019action de la chambre dans le domaine de la promotion des produits et articles de l\u2019artisanat et leur <a href=\"https:\/\/le12.ma\/fr\/taroudant-la-foire-de-lartisanat-du-25-au-31-juillet\/\">commercialisation<\/a> au titre de l\u2019ann\u00e9e en cours, indique un communiqu\u00e9 de la Chambre d\u2019artisanat de Marrakech-Safi.<\/strong><\/p>\n<p><strong>Rassemblant quelque 102 exposants, dont des artisans et des coop\u00e9ratives, ce salon r\u00e9gional de l\u2019artisanat vise \u00e0 contribuer \u00e0 la valorisation de l\u2019artisanat marocain, en offrant aux visiteurs une v\u00e9ritable immersion dans l\u2019univers de plusieurs m\u00e9tiers li\u00e9s, entre autres, au bois, \u00e0 la poterie, au cuir, \u00e0 la bijouterie, au tissage, \u00e0 la tapisserie et aux produits \u00e0 base de plantes.<\/strong><\/p>\n<p><strong>Cet \u00e9v\u00e9nement socio-\u00e9conomique se propose aussi de mettre en relief la richesse, la singularit\u00e9 et l\u2019authenticit\u00e9 de l\u2019artisanat marocain, et offre \u00e9galement l\u2019opportunit\u00e9 aux artisans pour exposer leurs produits et partager leurs exp\u00e9riences et expertises avec d\u2019autres artisans en provenance de diff\u00e9rentes r\u00e9gions du Maroc.<\/strong><\/p>\n<p><strong>Le salon r\u00e9gional d\u2019artisanat comporte aussi l\u2019organisation d\u2019activit\u00e9s parall\u00e8les au profit des artisans, en plus de sessions de formation et de rencontres de sensibilisation autour des questions int\u00e9ressant le secteur de l\u2019artisanat.<\/strong><\/p>\n","protected":false},"excerpt":{"rendered":"<p>La Chambre d\u2019artisanat de la r\u00e9gion Marrakech-Safi organise du 11 au 21 ao\u00fbt courant, \u00e0 la cit\u00e9 de l\u2019Oc\u00e9an, un salon r\u00e9gional sous le th\u00e8me \u201cles m\u00e9tiers authentiques : art et cr\u00e9ation\u201d. Ce salon s\u2019inscrit dans le cadre de la mise en \u0153uvre du plan d\u2019action de la chambre dans le domaine de la promotion [&hellip;]<\/p>\n","protected":false},"author":10,"featured_media":35798,"comment_status":"open","ping_status":"open","sticky":false,"template":"","format":"standard","meta":[],"categories":[31,25,9268,54],"tags":[7009,6304,329],"yst_prominent_words":[1302,454,4846,1144,820],"jetpack_featured_media_url":"https:\/\/le12.ma\/fr\/wp-content\/uploads\/2023\/08\/Lartisanat-Safi.jpg","_links":{"self":[{"href":"https:\/\/le12.ma\/fr\/wp-json\/wp\/v2\/posts\/35797"}],"collection":[{"href":"https:\/\/le12.ma\/fr\/wp-json\/wp\/v2\/posts"}],"about":[{"href":"https:\/\/le12.ma\/fr\/wp-json\/wp\/v2\/types\/post"}],"author":[{"embeddable":true,"href":"https:\/\/le12.ma\/fr\/wp-json\/wp\/v2\/users\/10"}],"replies":[{"embeddable":true,"href":"https:\/\/le12.ma\/fr\/wp-json\/wp\/v2\/comments?post=35797"}],"version-history":[{"count":1,"href":"https:\/\/le12.ma\/fr\/wp-json\/wp\/v2\/posts\/35797\/revisions"}],"predecessor-version":[{"id":35799,"href":"https:\/\/le12.ma\/fr\/wp-json\/wp\/v2\/posts\/35797\/revisions\/35799"}],"wp:featuredmedia":[{"embeddable":true,"href":"https:\/\/le12.ma\/fr\/wp-json\/wp\/v2\/media\/35798"}],"wp:attachment":[{"href":"https:\/\/le12.ma\/fr\/wp-json\/wp\/v2\/media?parent=35797"}],"wp:term":[{"taxonomy":"category","embeddable":true,"href":"https:\/\/le12.ma\/fr\/wp-json\/wp\/v2\/categories?post=35797"},{"taxonomy":"post_tag","embeddable":true,"href":"https:\/\/le12.ma\/fr\/wp-json\/wp\/v2\/tags?post=35797"},{"taxonomy":"yst_prominent_words","embeddable":true,"href":"https:\/\/le12.ma\/fr\/wp-json\/wp\/v2\/yst_prominent_words?post=35797"}],"curies":[{"name":"wp","href":"https:\/\/api.w.org\/{rel}","templated":true}]}}