{"id":35791,"date":"2023-08-09T10:06:58","date_gmt":"2023-08-09T09:06:58","guid":{"rendered":"https:\/\/le12.ma\/fr\/?p=35791"},"modified":"2023-08-09T10:06:58","modified_gmt":"2023-08-09T09:06:58","slug":"le-centre-mohammed-vi-de-la-recherche-et-de-linnovation-lance-son-projet-scientifique-estival-pour-la-formation-detudiants","status":"publish","type":"post","link":"https:\/\/le12.ma\/fr\/le-centre-mohammed-vi-de-la-recherche-et-de-linnovation-lance-son-projet-scientifique-estival-pour-la-formation-detudiants\/","title":{"rendered":"Le Centre Mohammed VI de la recherche et de l\u2019innovation lance son projet scientifique estival pour la formation d\u2019\u00e9tudiants"},"content":{"rendered":"<h2><strong>Le Centre Mohammed VI de la recherche et de <a href=\"https:\/\/www.mapexpress.ma\/actualite\/societe-et-regions\/centre-mohammed-vi-recherche-linnovation-lance-projet-scientifique-estival-formation-detudiants\/\">l\u2019innovation<\/a> a annonc\u00e9 le lancement, d\u00e8s jeudi, de son programme annuel estival de formation d\u2019\u00e9tudiants.<\/strong><\/h2>\n<p><strong>Dans un communiqu\u00e9 diffus\u00e9 mardi, le Centre pr\u00e9cise que ce programme de formation intensive de quatre semaines (10 ao\u00fbt-10 septembre) est destin\u00e9 aux \u00e9tudiants en master et en doctorat.<\/strong><\/p>\n<p><strong>A travers cette initiative, le Centre propose des <a href=\"https:\/\/le12.ma\/fr\/chili-le-centre-culturel-mohammed-vi-pour-le-dialogue-des-civilisations-remporte-linsigne-de-lexcellence-decerne-par-le-ministere-du-tourisme\/\">opportunit\u00e9s<\/a> de formation pratique au profit de plus de 100 \u00e9tudiants dans le but de d\u00e9velopper leurs comp\u00e9tences et expertises pratiques dans diff\u00e9rents domaines de sp\u00e9cialisation, souligne le communiqu\u00e9, ajoutant que ces programmes ont \u00e9t\u00e9 con\u00e7us de mani\u00e8re \u00e0 fournir une exp\u00e9rience \u00e9ducative intensive et vari\u00e9e aux \u00e9tudiants.<\/strong><\/p>\n<p><strong>Ce programme offre une large palette d\u2019ateliers, de conf\u00e9rences et de s\u00e9ances interactives couvrant une vari\u00e9t\u00e9 de th\u00e8mes et de domaines de recherche.<\/strong><\/p>\n<p><strong>Le Centre Mohammed VI de la recherche et de l\u2019innovation vise \u00e0 participer \u00e0 tous les travaux de recherche d\u2019importance, visant \u00e0 d\u00e9velopper les sciences et l\u2019innovation au Maroc, rel\u00e8ve le communiqu\u00e9.<\/strong><\/p>\n<p><strong>A cet \u00e9gard, le Centre envisage d\u2019ex\u00e9cuter le programme de recherche et d\u2019innovation, notamment dans les domaines des sciences de la sant\u00e9, de la recherche et de l\u2019ing\u00e9nierie m\u00e9dicale, des sciences num\u00e9rique et de l\u2019intelligence artificielle, la cr\u00e9ation et la direction des fondations et des centres de recherche et d\u2019innovation, la mise en place et l\u2019ex\u00e9cution de partenariats de coop\u00e9ration avec des organismes nationaux et internationaux qui partagent les m\u00eames objectifs et la cr\u00e9ation d\u2019entreprises ou la participation \u00e0 leur capital gr\u00e2ce \u00e0 la Fondation Mohammed VI des sciences et de la sant\u00e9.<\/strong><\/p>\n<p><strong>Le Centre Mohammed VI de la recherche et de l\u2019innovation, en tant qu\u2019acteur national, vise \u00e0 renforcer les capacit\u00e9s, les m\u00e9thodologies de recherche scientifiques, l\u2019esprit critique et la capacit\u00e9 \u00e0 innover chez les \u00e9tudiants marocains dans divers domaines, afin de favoriser l\u2019\u00e9mergence d\u2019un leadership scientifique et novateur au service de la souverainet\u00e9 nationale.<\/strong><\/p>\n","protected":false},"excerpt":{"rendered":"<p>Le Centre Mohammed VI de la recherche et de l\u2019innovation a annonc\u00e9 le lancement, d\u00e8s jeudi, de son programme annuel estival de formation d\u2019\u00e9tudiants. Dans un communiqu\u00e9 diffus\u00e9 mardi, le Centre pr\u00e9cise que ce programme de formation intensive de quatre semaines (10 ao\u00fbt-10 septembre) est destin\u00e9 aux \u00e9tudiants en master et en doctorat. A travers [&hellip;]<\/p>\n","protected":false},"author":10,"featured_media":35792,"comment_status":"open","ping_status":"open","sticky":false,"template":"","format":"standard","meta":[],"categories":[31,25,54],"tags":[11472,7452,293],"yst_prominent_words":[1117,145,3386,2216,1124,1499,1490,449,2535],"jetpack_featured_media_url":"https:\/\/le12.ma\/fr\/wp-content\/uploads\/2023\/08\/Le-Centre-Mohammed-VI.jpg","_links":{"self":[{"href":"https:\/\/le12.ma\/fr\/wp-json\/wp\/v2\/posts\/35791"}],"collection":[{"href":"https:\/\/le12.ma\/fr\/wp-json\/wp\/v2\/posts"}],"about":[{"href":"https:\/\/le12.ma\/fr\/wp-json\/wp\/v2\/types\/post"}],"author":[{"embeddable":true,"href":"https:\/\/le12.ma\/fr\/wp-json\/wp\/v2\/users\/10"}],"replies":[{"embeddable":true,"href":"https:\/\/le12.ma\/fr\/wp-json\/wp\/v2\/comments?post=35791"}],"version-history":[{"count":1,"href":"https:\/\/le12.ma\/fr\/wp-json\/wp\/v2\/posts\/35791\/revisions"}],"predecessor-version":[{"id":35793,"href":"https:\/\/le12.ma\/fr\/wp-json\/wp\/v2\/posts\/35791\/revisions\/35793"}],"wp:featuredmedia":[{"embeddable":true,"href":"https:\/\/le12.ma\/fr\/wp-json\/wp\/v2\/media\/35792"}],"wp:attachment":[{"href":"https:\/\/le12.ma\/fr\/wp-json\/wp\/v2\/media?parent=35791"}],"wp:term":[{"taxonomy":"category","embeddable":true,"href":"https:\/\/le12.ma\/fr\/wp-json\/wp\/v2\/categories?post=35791"},{"taxonomy":"post_tag","embeddable":true,"href":"https:\/\/le12.ma\/fr\/wp-json\/wp\/v2\/tags?post=35791"},{"taxonomy":"yst_prominent_words","embeddable":true,"href":"https:\/\/le12.ma\/fr\/wp-json\/wp\/v2\/yst_prominent_words?post=35791"}],"curies":[{"name":"wp","href":"https:\/\/api.w.org\/{rel}","templated":true}]}}