{"id":35713,"date":"2023-08-07T18:30:38","date_gmt":"2023-08-07T17:30:38","guid":{"rendered":"https:\/\/le12.ma\/fr\/?p=35713"},"modified":"2023-08-07T17:31:41","modified_gmt":"2023-08-07T16:31:41","slug":"la-5eme-edition-du-festival-difrane-du-18-au-21-aout","status":"publish","type":"post","link":"https:\/\/le12.ma\/fr\/la-5eme-edition-du-festival-difrane-du-18-au-21-aout\/","title":{"rendered":"La 5\u00e8me \u00e9dition du festival d\u2019Ifrane du 18 au 21 ao\u00fbt"},"content":{"rendered":"<h2><strong>La 5\u00e8me Edition du Festival d\u2019Ifrane aura lieu, du 18 au 21 ao\u00fbt courant \u00e0 l\u2019initiative de l&rsquo;\u201dAssociation forum Ifrane, culture et d\u00e9veloppement\u201d (AFICED) en partenariat avec la <a href=\"https:\/\/www.mapexpress.ma\/actualite\/culture-et-medias\/5eme-edition-du-festival-difrane-du-18-au-21-aout-organisateurs\/\">pr\u00e9fecture<\/a> de la province d\u2019Ifrane et le conseil communal d\u2019Ifrane.<\/strong><\/h2>\n<p><strong>Initi\u00e9 en collaboration avec le Conseil r\u00e9gional de F\u00e8s-Mekn\u00e8s, sous le th\u00e8me de \u201cla Foret <a href=\"https:\/\/le12.ma\/fr\/le-festival-national-dahidous-du-04-au-06-aout-a-ain-leuh\/\">Patrimoine<\/a> National\u201d, ce festival pr\u00e9voit l\u2019organisation de quatre soir\u00e9e artistiques anim\u00e9es par des artistes et des groupes marocains dont Abdelaziz Ahouzar et Noureddine Ourehhou ainsi que des groupes de Rap notamment H Kayen.<\/strong><\/p>\n<p><strong>La soir\u00e9e de cl\u00f4ture sera anim\u00e9e, elle, par le chanteur populaire Hajib Fahrane et l\u2019orchestre musical \u201cFive stars\u201d, indique un communiqu\u00e9 des organisateurs.<\/strong><\/p>\n<p><strong>Au menu de cette manifestation artistique, figure l\u2019organisation d\u2019une Conf\u00e9rence Nationale sur les incendies de For\u00eat (19 ao\u00fbt) ainsi que de tournois sportifs \u00abUrban Challenge\u00bb du Mini Foot, du Basketball 3X3, de Volley-ball, de Tir au Plateau, de Cross-Country et de Badminton.<\/strong><\/p>\n","protected":false},"excerpt":{"rendered":"<p>La 5\u00e8me Edition du Festival d\u2019Ifrane aura lieu, du 18 au 21 ao\u00fbt courant \u00e0 l\u2019initiative de l&rsquo;\u201dAssociation forum Ifrane, culture et d\u00e9veloppement\u201d (AFICED) en partenariat avec la pr\u00e9fecture de la province d\u2019Ifrane et le conseil communal d\u2019Ifrane. Initi\u00e9 en collaboration avec le Conseil r\u00e9gional de F\u00e8s-Mekn\u00e8s, sous le th\u00e8me de \u201cla Foret Patrimoine National\u201d, [&hellip;]<\/p>\n","protected":false},"author":10,"featured_media":35714,"comment_status":"open","ping_status":"open","sticky":false,"template":"","format":"standard","meta":[],"categories":[9442,31,9268,54],"tags":[11605,6721,6315],"yst_prominent_words":[281,100,457,341,3925],"jetpack_featured_media_url":"https:\/\/le12.ma\/fr\/wp-content\/uploads\/2023\/08\/festival-ifrane.jpg","_links":{"self":[{"href":"https:\/\/le12.ma\/fr\/wp-json\/wp\/v2\/posts\/35713"}],"collection":[{"href":"https:\/\/le12.ma\/fr\/wp-json\/wp\/v2\/posts"}],"about":[{"href":"https:\/\/le12.ma\/fr\/wp-json\/wp\/v2\/types\/post"}],"author":[{"embeddable":true,"href":"https:\/\/le12.ma\/fr\/wp-json\/wp\/v2\/users\/10"}],"replies":[{"embeddable":true,"href":"https:\/\/le12.ma\/fr\/wp-json\/wp\/v2\/comments?post=35713"}],"version-history":[{"count":1,"href":"https:\/\/le12.ma\/fr\/wp-json\/wp\/v2\/posts\/35713\/revisions"}],"predecessor-version":[{"id":35715,"href":"https:\/\/le12.ma\/fr\/wp-json\/wp\/v2\/posts\/35713\/revisions\/35715"}],"wp:featuredmedia":[{"embeddable":true,"href":"https:\/\/le12.ma\/fr\/wp-json\/wp\/v2\/media\/35714"}],"wp:attachment":[{"href":"https:\/\/le12.ma\/fr\/wp-json\/wp\/v2\/media?parent=35713"}],"wp:term":[{"taxonomy":"category","embeddable":true,"href":"https:\/\/le12.ma\/fr\/wp-json\/wp\/v2\/categories?post=35713"},{"taxonomy":"post_tag","embeddable":true,"href":"https:\/\/le12.ma\/fr\/wp-json\/wp\/v2\/tags?post=35713"},{"taxonomy":"yst_prominent_words","embeddable":true,"href":"https:\/\/le12.ma\/fr\/wp-json\/wp\/v2\/yst_prominent_words?post=35713"}],"curies":[{"name":"wp","href":"https:\/\/api.w.org\/{rel}","templated":true}]}}