{"id":35556,"date":"2023-08-04T10:00:25","date_gmt":"2023-08-04T09:00:25","guid":{"rendered":"https:\/\/le12.ma\/fr\/?p=35556"},"modified":"2023-08-04T10:00:25","modified_gmt":"2023-08-04T09:00:25","slug":"lancement-dune-plateforme-culturelle-dediee-au-patrimoine-marocain-aux-livres-et-aux-festivals-culturels","status":"publish","type":"post","link":"https:\/\/le12.ma\/fr\/lancement-dune-plateforme-culturelle-dediee-au-patrimoine-marocain-aux-livres-et-aux-festivals-culturels\/","title":{"rendered":"Lancement d\u2019une plateforme culturelle d\u00e9di\u00e9e au patrimoine marocain, aux livres et aux festivals culturels"},"content":{"rendered":"<h2><strong>Le minist\u00e8re de la jeunesse, de la culture et de la <a href=\"https:\/\/www.mapexpress.ma\/actualite\/culture-et-medias\/lancement-dune-plateforme-culturelle-dediee-au-patrimoine-marocain-aux-livres-aux-festivals-culturels\/\">communication<\/a> a annonc\u00e9, jeudi, le lancement d\u2019une plateforme culturelle\u00a0\u00a0 (www.culture.ma ) destin\u00e9e \u00e0 faire conna\u00eetre le patrimoine marocain, les livres et les festivals culturels.<\/strong><\/h2>\n<p><strong>Cette plateforme, qui donne acc\u00e8s \u00e0 des contenus culturels marocains dans les domaines du livre, du patrimoine et de la musique, contribuera au processus d\u2019inventaire du <a href=\"https:\/\/le12.ma\/fr\/marrakech-lancement-de-la-plateforme-numerique-du-programme-jisr\/\">patrimoine<\/a> mat\u00e9riel et immat\u00e9riel marocain et \u00e0 sa pr\u00e9sentation \u00e0 travers des photos, des capsules, des vid\u00e9os et un aper\u00e7u de chacun de ses \u00e9l\u00e9ments. Il s\u2019agit \u00e9galement de faire conna\u00eetre les festivals culturels nationaux et les livres disponibles, indique un communiqu\u00e9 du minist\u00e8re.<\/strong><\/p>\n<p><strong>Cette plateforme, d\u00e9di\u00e9e \u00e0 la culture au Maroc, rev\u00eat une grande importance car elle favorise l\u2019acc\u00e8s \u00e0 la culture et la publication de contenus multim\u00e9dias dans les domaines des arts, du livre et du patrimoine, et ce \u00e0 travers plusieurs vid\u00e9os documentant les festivals culturels, les salons du livre et le patrimoine culturel mat\u00e9riel et immat\u00e9riel, souligne la m\u00eame source.<\/strong><\/p>\n<p><strong>Elle constituera \u00e9galement une biblioth\u00e8que virtuelle mise \u00e0 la disposition du grand public, permettant de pr\u00e9senter et de documenter les grands \u00e9v\u00e9nements culturels, valoriser les \u00e9nergies artistiques, promouvoir les \u0153uvres litt\u00e9raires et pr\u00e9server le patrimoine culturel marocain, ajoute le minist\u00e8re.<\/strong><\/p>\n<p><strong>En outre, cette plateforme permettra de partager les diff\u00e9rentes activit\u00e9s du secteur de la culture, conform\u00e9ment \u00e0 la m\u00eame d\u00e9marche inh\u00e9rente \u00e0 la r\u00e9alisation des objectifs de protection et de valorisation du patrimoine culturel marocain, indique-t-on.<\/strong><\/p>\n<p><strong>Les donn\u00e9es de la plateforme seront r\u00e9guli\u00e8rement mises \u00e0 jour et enrichies par de nouveaux contenus, et ce afin que chaque visite sur la plateforme soit une exp\u00e9rience interactive, avec la possibilit\u00e9 de d\u00e9couvrir de nouvelles vid\u00e9os sur le patrimoine culturel, les \u00e9crivains et les arts.\u00a0\u00a0\u00a0\u00a0\u00a0\u00a0\u00a0\u00a0\u00a0\u00a0\u00a0\u00a0\u00a0\u00a0\u00a0\u00a0\u00a0\u00a0\u00a0\u00a0\u00a0\u00a0\u00a0\u00a0\u00a0\u00a0\u00a0\u00a0\u00a0 <\/strong><\/p>\n","protected":false},"excerpt":{"rendered":"<p>Le minist\u00e8re de la jeunesse, de la culture et de la communication a annonc\u00e9, jeudi, le lancement d\u2019une plateforme culturelle\u00a0\u00a0 (www.culture.ma ) destin\u00e9e \u00e0 faire conna\u00eetre le patrimoine marocain, les livres et les festivals culturels. Cette plateforme, qui donne acc\u00e8s \u00e0 des contenus culturels marocains dans les domaines du livre, du patrimoine et de la [&hellip;]<\/p>\n","protected":false},"author":10,"featured_media":35557,"comment_status":"open","ping_status":"open","sticky":false,"template":"","format":"standard","meta":[],"categories":[31,25,54],"tags":[6721,8431,11558,182,8159],"yst_prominent_words":[3345,583,263,3386,1003,454,148,255,1284],"jetpack_featured_media_url":"https:\/\/le12.ma\/fr\/wp-content\/uploads\/2023\/08\/Platforme-Maroc.jpg","_links":{"self":[{"href":"https:\/\/le12.ma\/fr\/wp-json\/wp\/v2\/posts\/35556"}],"collection":[{"href":"https:\/\/le12.ma\/fr\/wp-json\/wp\/v2\/posts"}],"about":[{"href":"https:\/\/le12.ma\/fr\/wp-json\/wp\/v2\/types\/post"}],"author":[{"embeddable":true,"href":"https:\/\/le12.ma\/fr\/wp-json\/wp\/v2\/users\/10"}],"replies":[{"embeddable":true,"href":"https:\/\/le12.ma\/fr\/wp-json\/wp\/v2\/comments?post=35556"}],"version-history":[{"count":1,"href":"https:\/\/le12.ma\/fr\/wp-json\/wp\/v2\/posts\/35556\/revisions"}],"predecessor-version":[{"id":35558,"href":"https:\/\/le12.ma\/fr\/wp-json\/wp\/v2\/posts\/35556\/revisions\/35558"}],"wp:featuredmedia":[{"embeddable":true,"href":"https:\/\/le12.ma\/fr\/wp-json\/wp\/v2\/media\/35557"}],"wp:attachment":[{"href":"https:\/\/le12.ma\/fr\/wp-json\/wp\/v2\/media?parent=35556"}],"wp:term":[{"taxonomy":"category","embeddable":true,"href":"https:\/\/le12.ma\/fr\/wp-json\/wp\/v2\/categories?post=35556"},{"taxonomy":"post_tag","embeddable":true,"href":"https:\/\/le12.ma\/fr\/wp-json\/wp\/v2\/tags?post=35556"},{"taxonomy":"yst_prominent_words","embeddable":true,"href":"https:\/\/le12.ma\/fr\/wp-json\/wp\/v2\/yst_prominent_words?post=35556"}],"curies":[{"name":"wp","href":"https:\/\/api.w.org\/{rel}","templated":true}]}}