{"id":3536,"date":"2020-09-11T15:19:39","date_gmt":"2020-09-11T14:19:39","guid":{"rendered":"https:\/\/le12.ma\/fr\/?p=3536"},"modified":"2020-09-11T15:19:39","modified_gmt":"2020-09-11T14:19:39","slug":"octroi-de-3-508-cartes-professionnelles-dartiste-et-cartes-des-techniciens-et-administrateurs-des-oeuvres-artistiques-ministere","status":"publish","type":"post","link":"https:\/\/le12.ma\/fr\/octroi-de-3-508-cartes-professionnelles-dartiste-et-cartes-des-techniciens-et-administrateurs-des-oeuvres-artistiques-ministere\/","title":{"rendered":"Octroi de 3.508 cartes professionnelles d\u2019artiste et cartes des techniciens et administrateurs des \u0153uvres artistiques (minist\u00e8re)"},"content":{"rendered":"<p><span style=\"color: #ff0000;\"><strong>Rabat \u2013le12<\/strong><\/span><\/p>\n<p><strong>Le comit\u00e9 de la carte d\u2019artiste a d\u00e9cid\u00e9 d\u2019octroyer la carte professionnelle d\u2019artiste et la carte professionnelle des techniciens et administrateurs des \u0153uvres artistiques \u00e0 3.508 artistes et professionnels concern\u00e9s, a indiqu\u00e9 vendredi le minist\u00e8re de la Culture, de la Jeunesse et des Sports \u2013 D\u00e9partement de la Culture.<\/strong><\/p>\n","protected":false},"excerpt":{"rendered":"<p>Rabat \u2013le12 Le comit\u00e9 de la carte d\u2019artiste a d\u00e9cid\u00e9 d\u2019octroyer la carte professionnelle d\u2019artiste et la carte professionnelle des techniciens et administrateurs des \u0153uvres artistiques \u00e0 3.508 artistes et professionnels concern\u00e9s, a indiqu\u00e9 vendredi le minist\u00e8re de la Culture, de la Jeunesse et des Sports \u2013 D\u00e9partement de la Culture.<\/p>\n","protected":false},"author":4,"featured_media":3537,"comment_status":"open","ping_status":"open","sticky":false,"template":"","format":"standard","meta":[],"categories":[26,31],"tags":[],"yst_prominent_words":[1253,583],"jetpack_featured_media_url":"https:\/\/le12.ma\/fr\/wp-content\/uploads\/2020\/09\/1565174342835_20190806.jpg","_links":{"self":[{"href":"https:\/\/le12.ma\/fr\/wp-json\/wp\/v2\/posts\/3536"}],"collection":[{"href":"https:\/\/le12.ma\/fr\/wp-json\/wp\/v2\/posts"}],"about":[{"href":"https:\/\/le12.ma\/fr\/wp-json\/wp\/v2\/types\/post"}],"author":[{"embeddable":true,"href":"https:\/\/le12.ma\/fr\/wp-json\/wp\/v2\/users\/4"}],"replies":[{"embeddable":true,"href":"https:\/\/le12.ma\/fr\/wp-json\/wp\/v2\/comments?post=3536"}],"version-history":[{"count":1,"href":"https:\/\/le12.ma\/fr\/wp-json\/wp\/v2\/posts\/3536\/revisions"}],"predecessor-version":[{"id":3538,"href":"https:\/\/le12.ma\/fr\/wp-json\/wp\/v2\/posts\/3536\/revisions\/3538"}],"wp:featuredmedia":[{"embeddable":true,"href":"https:\/\/le12.ma\/fr\/wp-json\/wp\/v2\/media\/3537"}],"wp:attachment":[{"href":"https:\/\/le12.ma\/fr\/wp-json\/wp\/v2\/media?parent=3536"}],"wp:term":[{"taxonomy":"category","embeddable":true,"href":"https:\/\/le12.ma\/fr\/wp-json\/wp\/v2\/categories?post=3536"},{"taxonomy":"post_tag","embeddable":true,"href":"https:\/\/le12.ma\/fr\/wp-json\/wp\/v2\/tags?post=3536"},{"taxonomy":"yst_prominent_words","embeddable":true,"href":"https:\/\/le12.ma\/fr\/wp-json\/wp\/v2\/yst_prominent_words?post=3536"}],"curies":[{"name":"wp","href":"https:\/\/api.w.org\/{rel}","templated":true}]}}