{"id":35268,"date":"2023-07-29T10:31:16","date_gmt":"2023-07-29T09:31:16","guid":{"rendered":"https:\/\/le12.ma\/fr\/?p=35268"},"modified":"2023-07-29T10:31:16","modified_gmt":"2023-07-29T09:31:16","slug":"abdeslam-ahizoune-reelu-a-lunanimite-president-de-la-federation-royale-marocaine-dathletisme","status":"publish","type":"post","link":"https:\/\/le12.ma\/fr\/abdeslam-ahizoune-reelu-a-lunanimite-president-de-la-federation-royale-marocaine-dathletisme\/","title":{"rendered":"Abdeslam Ahizoune r\u00e9\u00e9lu \u00e0 l\u2019unanimit\u00e9 pr\u00e9sident de la F\u00e9d\u00e9ration Royale Marocaine d\u2019Athl\u00e9tisme"},"content":{"rendered":"<h2><strong>Abdeslam Ahizoune a \u00e9t\u00e9 r\u00e9\u00e9lu \u00e0 <a href=\"https:\/\/www.mapexpress.ma\/actualite\/sports\/abdeslam-ahizoune-reelu-lunanimite-president-federation-royale-marocaine-dathletisme\/\">l\u2019unanimit\u00e9<\/a> pr\u00e9sident de la F\u00e9d\u00e9ration Royale Marocaine d\u2019Athl\u00e9tisme (FRMA) pour un cinqui\u00e8me mandat, lors de l\u2019assembl\u00e9e g\u00e9n\u00e9rale \u00e9lective de la FRMA, tenue vendredi \u00e0 Rabat.<\/strong><\/h2>\n<p><strong> Ahizoune a \u00e9t\u00e9 \u00e9lu <a href=\"https:\/\/le12.ma\/fr\/athletisme-le-record-du-monde-du-10-000-m-pulverise\/\">pr\u00e9sident<\/a> de la FRMA pour la premi\u00e8re fois le 04 d\u00e9cembre 2006 en replacement de Mohamed Aouzal, alors pr\u00e9sident du Comit\u00e9 int\u00e9rimaire. Il a ensuite \u00e9t\u00e9 r\u00e9\u00e9lu \u00e0 la t\u00eate de l\u2019instance dirigeante de l\u2019athl\u00e9tisme national le 29 novembre 2010, puis le 29 janvier 2015, ainsi que le 22 avril 2019 pour un quatri\u00e8me mandat. <\/strong><\/p>\n","protected":false},"excerpt":{"rendered":"<p>Abdeslam Ahizoune a \u00e9t\u00e9 r\u00e9\u00e9lu \u00e0 l\u2019unanimit\u00e9 pr\u00e9sident de la F\u00e9d\u00e9ration Royale Marocaine d\u2019Athl\u00e9tisme (FRMA) pour un cinqui\u00e8me mandat, lors de l\u2019assembl\u00e9e g\u00e9n\u00e9rale \u00e9lective de la FRMA, tenue vendredi \u00e0 Rabat. Ahizoune a \u00e9t\u00e9 \u00e9lu pr\u00e9sident de la FRMA pour la premi\u00e8re fois le 04 d\u00e9cembre 2006 en replacement de Mohamed Aouzal, alors pr\u00e9sident du [&hellip;]<\/p>\n","protected":false},"author":10,"featured_media":35269,"comment_status":"open","ping_status":"open","sticky":false,"template":"","format":"standard","meta":[],"categories":[54,27],"tags":[7151,10514],"yst_prominent_words":[5292,362],"jetpack_featured_media_url":"https:\/\/le12.ma\/fr\/wp-content\/uploads\/2023\/07\/Abdeslam-Ahizoune-.jpg","_links":{"self":[{"href":"https:\/\/le12.ma\/fr\/wp-json\/wp\/v2\/posts\/35268"}],"collection":[{"href":"https:\/\/le12.ma\/fr\/wp-json\/wp\/v2\/posts"}],"about":[{"href":"https:\/\/le12.ma\/fr\/wp-json\/wp\/v2\/types\/post"}],"author":[{"embeddable":true,"href":"https:\/\/le12.ma\/fr\/wp-json\/wp\/v2\/users\/10"}],"replies":[{"embeddable":true,"href":"https:\/\/le12.ma\/fr\/wp-json\/wp\/v2\/comments?post=35268"}],"version-history":[{"count":1,"href":"https:\/\/le12.ma\/fr\/wp-json\/wp\/v2\/posts\/35268\/revisions"}],"predecessor-version":[{"id":35270,"href":"https:\/\/le12.ma\/fr\/wp-json\/wp\/v2\/posts\/35268\/revisions\/35270"}],"wp:featuredmedia":[{"embeddable":true,"href":"https:\/\/le12.ma\/fr\/wp-json\/wp\/v2\/media\/35269"}],"wp:attachment":[{"href":"https:\/\/le12.ma\/fr\/wp-json\/wp\/v2\/media?parent=35268"}],"wp:term":[{"taxonomy":"category","embeddable":true,"href":"https:\/\/le12.ma\/fr\/wp-json\/wp\/v2\/categories?post=35268"},{"taxonomy":"post_tag","embeddable":true,"href":"https:\/\/le12.ma\/fr\/wp-json\/wp\/v2\/tags?post=35268"},{"taxonomy":"yst_prominent_words","embeddable":true,"href":"https:\/\/le12.ma\/fr\/wp-json\/wp\/v2\/yst_prominent_words?post=35268"}],"curies":[{"name":"wp","href":"https:\/\/api.w.org\/{rel}","templated":true}]}}