{"id":35252,"date":"2023-07-28T19:01:35","date_gmt":"2023-07-28T18:01:35","guid":{"rendered":"https:\/\/le12.ma\/fr\/?p=35252"},"modified":"2023-07-28T17:09:33","modified_gmt":"2023-07-28T16:09:33","slug":"rabat-plusieurs-personnes-ont-assiste-a-levenement-nostalgia-emotion-dantan-au-chellah","status":"publish","type":"post","link":"https:\/\/le12.ma\/fr\/rabat-plusieurs-personnes-ont-assiste-a-levenement-nostalgia-emotion-dantan-au-chellah\/","title":{"rendered":"Rabat: Plusieurs personnes ont assist\u00e9 \u00e0 l\u2019\u00e9v\u00e8nement \u201cNostalgia, Emotion d\u2019antan\u201d au Chellah"},"content":{"rendered":"<h2><strong>Environ 20.000 personnes ont assist\u00e9 aux <a href=\"https:\/\/www.mapexpress.ma\/actualite\/culture-et-medias\/rabat-pres-20-000-personnes-assiste-levenement-nostalgia-emotion-dantan-au-chellah-ministere\/\">expositions<\/a> artistiques dans le cadre de l\u2019\u00e9v\u00e8nement \u201cNostalgia, Emotion d\u2019antan\u201d, tenu du 21 au 27 juillet dans le site arch\u00e9ologique de Chellah \u00e0 Rabat, a indiqu\u00e9 vendredi le minist\u00e8re de la Jeunesse, de la Culture et de la Communication.<\/strong><\/h2>\n<p><strong>Les diff\u00e9rentes expositions de \u201cNostalgia, <a href=\"https:\/\/le12.ma\/fr\/journee-internationale-des-musees-focus-sur-le-role-de-ces-institutions-dans-le-developpement-de-futurs-durables\/\">Emotion<\/a> d\u2019antan\u201d, qui mettent en avant les civilisations ayant occup\u00e9 durant les si\u00e8cles pr\u00e9c\u00e9dents le site arch\u00e9ologique de Chellah, ont r\u00e9uni presque 20.000 personnes durant la semaine \u00e9coul\u00e9e, note-t-on.<\/strong><\/p>\n<p><strong>Ce genre d\u2019initiatives vise \u00e0 rapprocher les citoyens de l\u2019histoire des sites arch\u00e9ologiques du Royaume, rel\u00e8ve le minist\u00e8re, soulignant la programmation dans un avenir proche de manifestations similaires dans d\u2019autres sites arch\u00e9ologiques du pays.<\/strong><\/p>\n<p><strong>L\u2019id\u00e9e derri\u00e8re \u201cNostalgia, Emotion d\u2019antan\u201d est la r\u00e9habilitation de la m\u00e9moire des sites arch\u00e9ologiques du Maroc, \u00e0 travers une mise en sc\u00e8ne qui \u00e9voque avec pr\u00e9cision les diff\u00e9rentes civilisations pass\u00e9es ayant investi le site arch\u00e9ologique de Chellah \u00e0 l\u2019instar des civilisations Romaine, M\u00e9rinide ou Saadienne, rel\u00e8ve la m\u00eame source.<\/strong><\/p>\n<p><strong>Le site arch\u00e9ologique de Chellah est l\u2019un des plus importants sites historiques de la capitale Rabat. Il a \u00e9t\u00e9 \u00e9difi\u00e9 durant le sixi\u00e8me ou le septi\u00e8me si\u00e8cle avant J\u00e9sus-Christ et porte en son sein la magie du lieu et une architecture ancestrale qui transportent le visiteur dans plusieurs \u00e9poques de l\u2019histoire du Royaume.<\/strong><\/p>\n","protected":false},"excerpt":{"rendered":"<p>Environ 20.000 personnes ont assist\u00e9 aux expositions artistiques dans le cadre de l\u2019\u00e9v\u00e8nement \u201cNostalgia, Emotion d\u2019antan\u201d, tenu du 21 au 27 juillet dans le site arch\u00e9ologique de Chellah \u00e0 Rabat, a indiqu\u00e9 vendredi le minist\u00e8re de la Jeunesse, de la Culture et de la Communication. Les diff\u00e9rentes expositions de \u201cNostalgia, Emotion d\u2019antan\u201d, qui mettent en [&hellip;]<\/p>\n","protected":false},"author":10,"featured_media":35253,"comment_status":"open","ping_status":"open","sticky":false,"template":"","format":"standard","meta":[],"categories":[9442,9443,31,25,9268,54],"tags":[8230,9876,11495],"yst_prominent_words":[148,299,453,3511],"jetpack_featured_media_url":"https:\/\/le12.ma\/fr\/wp-content\/uploads\/2023\/07\/Nostalgia-Emotion-dantan.jpg","_links":{"self":[{"href":"https:\/\/le12.ma\/fr\/wp-json\/wp\/v2\/posts\/35252"}],"collection":[{"href":"https:\/\/le12.ma\/fr\/wp-json\/wp\/v2\/posts"}],"about":[{"href":"https:\/\/le12.ma\/fr\/wp-json\/wp\/v2\/types\/post"}],"author":[{"embeddable":true,"href":"https:\/\/le12.ma\/fr\/wp-json\/wp\/v2\/users\/10"}],"replies":[{"embeddable":true,"href":"https:\/\/le12.ma\/fr\/wp-json\/wp\/v2\/comments?post=35252"}],"version-history":[{"count":1,"href":"https:\/\/le12.ma\/fr\/wp-json\/wp\/v2\/posts\/35252\/revisions"}],"predecessor-version":[{"id":35254,"href":"https:\/\/le12.ma\/fr\/wp-json\/wp\/v2\/posts\/35252\/revisions\/35254"}],"wp:featuredmedia":[{"embeddable":true,"href":"https:\/\/le12.ma\/fr\/wp-json\/wp\/v2\/media\/35253"}],"wp:attachment":[{"href":"https:\/\/le12.ma\/fr\/wp-json\/wp\/v2\/media?parent=35252"}],"wp:term":[{"taxonomy":"category","embeddable":true,"href":"https:\/\/le12.ma\/fr\/wp-json\/wp\/v2\/categories?post=35252"},{"taxonomy":"post_tag","embeddable":true,"href":"https:\/\/le12.ma\/fr\/wp-json\/wp\/v2\/tags?post=35252"},{"taxonomy":"yst_prominent_words","embeddable":true,"href":"https:\/\/le12.ma\/fr\/wp-json\/wp\/v2\/yst_prominent_words?post=35252"}],"curies":[{"name":"wp","href":"https:\/\/api.w.org\/{rel}","templated":true}]}}