{"id":35249,"date":"2023-07-28T18:00:26","date_gmt":"2023-07-28T17:00:26","guid":{"rendered":"https:\/\/le12.ma\/fr\/?p=35249"},"modified":"2023-07-28T16:58:43","modified_gmt":"2023-07-28T15:58:43","slug":"mmvi-des-expositions-prestigieuses-dartistes-de-renommee-mondiale","status":"publish","type":"post","link":"https:\/\/le12.ma\/fr\/mmvi-des-expositions-prestigieuses-dartistes-de-renommee-mondiale\/","title":{"rendered":"MMVI : des expositions prestigieuses d\u2019artistes de renomm\u00e9e mondiale"},"content":{"rendered":"<h2><strong>Le Mus\u00e9e Mohammed VI d\u2019art moderne et contemporain (MMVI) a accueilli depuis son ouverture en 2014 des expositions prestigieuses mettant en avant des <a href=\"https:\/\/www.mapexpress.ma\/actualite\/culture-et-medias\/mmvi-rabat-expositions-prestigieuses-dartistes-renommee-mondiale\/\">artistes<\/a> de renomm\u00e9e mondiale jamais expos\u00e9s sur le continent et dans le monde arabe.<\/strong><\/h2>\n<p><strong>Il s\u2019agit notamment de Giacometti, Picasso, Goya, Renoir, Monet, Manet, Van Gogh et Delacroix, souligne la Fondation nationale des mus\u00e9es, qui c\u00e9l\u00e8bre 12 ans d\u2019engagement au service de la <a href=\"https:\/\/le12.ma\/fr\/art-plastique-presentation-au-mmvi-du-catalogue-exposition-de-lartiste-fouad-bellamine\/\">culture<\/a> sous la vision \u00e9clair\u00e9e de SM le Roi Mohammed VI.<\/strong><\/p>\n<p><strong>Le MMVI a \u00e9galement mis en avant les artistes pr\u00e9curseurs de la modernit\u00e9 marocaine comme Ahmed Cherkaoui, Jilali Gharbaoui, Farid Belkahia, Mohamed Chebaa, Mohamed Melehi, Cha\u00efbia Talal, Fatima Hassan, Malika Agueznay, Mounir El Fatmi\u2026<\/strong><\/p>\n<p><strong>La Fondation indique en outre que l\u2019inauguration par Sa Majest\u00e9 le Roi Mohammed VI du MMVI \u00e9tait un \u00e9v\u00e9nement historique qui a impuls\u00e9 un nouvel \u00e9lan culturel au Maroc, relevant que c\u2019est la premi\u00e8re institution mus\u00e9ale dans le Royaume \u00e0 se consacrer enti\u00e8rement \u00e0 l\u2019art moderne et contemporain et \u00e0 r\u00e9pondre aux normes mus\u00e9ographiques internationales avec pour mission la diffusion de la cr\u00e9ation artistique marocaine et \u00e9trang\u00e8re.<\/strong><\/p>\n<p><strong>C\u2019est aussi le premier mus\u00e9e du continent \u00e0 passer au vert en int\u00e9grant une solution solaire avec un syst\u00e8me intelligent de stockage et de gestion de l\u2019\u00e9nergie, ajoute la m\u00eame source.<\/strong><\/p>\n<p><strong>Le MMVI est dot\u00e9 aujourd\u2019hui d\u2019une riche collection d\u2019artistes marocains qui englobe la jeune histoire de la cr\u00e9ation.<\/strong><\/p>\n","protected":false},"excerpt":{"rendered":"<p>Le Mus\u00e9e Mohammed VI d\u2019art moderne et contemporain (MMVI) a accueilli depuis son ouverture en 2014 des expositions prestigieuses mettant en avant des artistes de renomm\u00e9e mondiale jamais expos\u00e9s sur le continent et dans le monde arabe. Il s\u2019agit notamment de Giacometti, Picasso, Goya, Renoir, Monet, Manet, Van Gogh et Delacroix, souligne la Fondation nationale [&hellip;]<\/p>\n","protected":false},"author":10,"featured_media":35250,"comment_status":"open","ping_status":"open","sticky":false,"template":"","format":"standard","meta":[],"categories":[9442,9443,31,25,54],"tags":[7009,6721,11494,9045],"yst_prominent_words":[1226,175,841,244,1465,2842,493,1499,1490,1459,613,1484,734,2535],"jetpack_featured_media_url":"https:\/\/le12.ma\/fr\/wp-content\/uploads\/2023\/07\/Musee-Mohammed-VI.webp","_links":{"self":[{"href":"https:\/\/le12.ma\/fr\/wp-json\/wp\/v2\/posts\/35249"}],"collection":[{"href":"https:\/\/le12.ma\/fr\/wp-json\/wp\/v2\/posts"}],"about":[{"href":"https:\/\/le12.ma\/fr\/wp-json\/wp\/v2\/types\/post"}],"author":[{"embeddable":true,"href":"https:\/\/le12.ma\/fr\/wp-json\/wp\/v2\/users\/10"}],"replies":[{"embeddable":true,"href":"https:\/\/le12.ma\/fr\/wp-json\/wp\/v2\/comments?post=35249"}],"version-history":[{"count":1,"href":"https:\/\/le12.ma\/fr\/wp-json\/wp\/v2\/posts\/35249\/revisions"}],"predecessor-version":[{"id":35251,"href":"https:\/\/le12.ma\/fr\/wp-json\/wp\/v2\/posts\/35249\/revisions\/35251"}],"wp:featuredmedia":[{"embeddable":true,"href":"https:\/\/le12.ma\/fr\/wp-json\/wp\/v2\/media\/35250"}],"wp:attachment":[{"href":"https:\/\/le12.ma\/fr\/wp-json\/wp\/v2\/media?parent=35249"}],"wp:term":[{"taxonomy":"category","embeddable":true,"href":"https:\/\/le12.ma\/fr\/wp-json\/wp\/v2\/categories?post=35249"},{"taxonomy":"post_tag","embeddable":true,"href":"https:\/\/le12.ma\/fr\/wp-json\/wp\/v2\/tags?post=35249"},{"taxonomy":"yst_prominent_words","embeddable":true,"href":"https:\/\/le12.ma\/fr\/wp-json\/wp\/v2\/yst_prominent_words?post=35249"}],"curies":[{"name":"wp","href":"https:\/\/api.w.org\/{rel}","templated":true}]}}