{"id":34535,"date":"2023-07-14T18:28:41","date_gmt":"2023-07-14T17:28:41","guid":{"rendered":"https:\/\/le12.ma\/fr\/?p=34535"},"modified":"2023-07-14T16:33:43","modified_gmt":"2023-07-14T15:33:43","slug":"six-morts-et-11-blesses-dans-un-accident-de-la-route-entre-marrakech-et-safi","status":"publish","type":"post","link":"https:\/\/le12.ma\/fr\/six-morts-et-11-blesses-dans-un-accident-de-la-route-entre-marrakech-et-safi\/","title":{"rendered":"Six morts et 11 bless\u00e9s dans un accident de la route entre Marrakech et Safi"},"content":{"rendered":"<h2><strong>Six <a href=\"https:\/\/fr.wikipedia.org\/wiki\/Accident\">personnes<\/a> ont \u00e9t\u00e9 tu\u00e9es et 11 autres bless\u00e9es dont 6 gri\u00e8vement dans un accident survenu vendredi dans la route nationale n\u00b07 reliant Marrakech et Safi au niveau de la commune rurale de \u201cAtiamim\u201d relevant de la province de Youssoufia, ont indiqu\u00e9 les autorit\u00e9s locales.<\/strong><\/h2>\n<p><strong>Les repr\u00e9sentants des <a href=\"https:\/\/le12.ma\/fr\/chichaoua-3-morts-et-25-blesses-dans-un-accident-sur-lautoroute-marrakech-agadir\/\">autorit\u00e9s<\/a> locales et de la Gendarmerie royale ainsi que des \u00e9l\u00e9ments de la Protection civile se sont rendus sur les lieux du drame qui s\u2019est produit \u00e0 la suite d\u2019une collision entre un v\u00e9hicule l\u00e9ger et un taxi, selon la m\u00eame source.<\/strong><\/p>\n<p><strong>Les bless\u00e9s ont \u00e9t\u00e9 transport\u00e9s \u00e0 l\u2019h\u00f4pital provincial Lalla Hasna de Youssoufia et au Centre Hospitalier Universitaire (CHU) de Marrakech pour b\u00e9n\u00e9ficier de soins n\u00e9cessaires, a ajout\u00e9 la m\u00eame source, pr\u00e9cisant qu\u2019une enqu\u00eate a \u00e9t\u00e9 ouverte par les services de la Gendarmerie royale sous la supervision du parquet comp\u00e9tent pour \u00e9lucider les circonstances de ce drame.<\/strong><\/p>\n","protected":false},"excerpt":{"rendered":"<p>Six personnes ont \u00e9t\u00e9 tu\u00e9es et 11 autres bless\u00e9es dont 6 gri\u00e8vement dans un accident survenu vendredi dans la route nationale n\u00b07 reliant Marrakech et Safi au niveau de la commune rurale de \u201cAtiamim\u201d relevant de la province de Youssoufia, ont indiqu\u00e9 les autorit\u00e9s locales. Les repr\u00e9sentants des autorit\u00e9s locales et de la Gendarmerie royale [&hellip;]<\/p>\n","protected":false},"author":10,"featured_media":34536,"comment_status":"open","ping_status":"open","sticky":false,"template":"","format":"standard","meta":[],"categories":[9268,54,24],"tags":[9031],"yst_prominent_words":[1501,1927,1929,3058,575,162,3926],"jetpack_featured_media_url":"https:\/\/le12.ma\/fr\/wp-content\/uploads\/2023\/07\/accident.jpg","_links":{"self":[{"href":"https:\/\/le12.ma\/fr\/wp-json\/wp\/v2\/posts\/34535"}],"collection":[{"href":"https:\/\/le12.ma\/fr\/wp-json\/wp\/v2\/posts"}],"about":[{"href":"https:\/\/le12.ma\/fr\/wp-json\/wp\/v2\/types\/post"}],"author":[{"embeddable":true,"href":"https:\/\/le12.ma\/fr\/wp-json\/wp\/v2\/users\/10"}],"replies":[{"embeddable":true,"href":"https:\/\/le12.ma\/fr\/wp-json\/wp\/v2\/comments?post=34535"}],"version-history":[{"count":1,"href":"https:\/\/le12.ma\/fr\/wp-json\/wp\/v2\/posts\/34535\/revisions"}],"predecessor-version":[{"id":34537,"href":"https:\/\/le12.ma\/fr\/wp-json\/wp\/v2\/posts\/34535\/revisions\/34537"}],"wp:featuredmedia":[{"embeddable":true,"href":"https:\/\/le12.ma\/fr\/wp-json\/wp\/v2\/media\/34536"}],"wp:attachment":[{"href":"https:\/\/le12.ma\/fr\/wp-json\/wp\/v2\/media?parent=34535"}],"wp:term":[{"taxonomy":"category","embeddable":true,"href":"https:\/\/le12.ma\/fr\/wp-json\/wp\/v2\/categories?post=34535"},{"taxonomy":"post_tag","embeddable":true,"href":"https:\/\/le12.ma\/fr\/wp-json\/wp\/v2\/tags?post=34535"},{"taxonomy":"yst_prominent_words","embeddable":true,"href":"https:\/\/le12.ma\/fr\/wp-json\/wp\/v2\/yst_prominent_words?post=34535"}],"curies":[{"name":"wp","href":"https:\/\/api.w.org\/{rel}","templated":true}]}}