{"id":34144,"date":"2023-07-06T16:18:50","date_gmt":"2023-07-06T15:18:50","guid":{"rendered":"https:\/\/le12.ma\/fr\/?p=34144"},"modified":"2023-07-06T16:18:50","modified_gmt":"2023-07-06T15:18:50","slug":"le-gouvernement-approuve-un-projet-de-decret-fixant-les-durees-des-cycles-de-formation-a-liav-hassan-ii","status":"publish","type":"post","link":"https:\/\/le12.ma\/fr\/le-gouvernement-approuve-un-projet-de-decret-fixant-les-durees-des-cycles-de-formation-a-liav-hassan-ii\/","title":{"rendered":"Le gouvernement approuve un projet de d\u00e9cret fixant les dur\u00e9es des cycles de formation \u00e0 l\u2019IAV Hassan II"},"content":{"rendered":"<h2><strong>Le Conseil de <a href=\"https:\/\/fr.wikipedia.org\/wiki\/Institut_agronomique_et_v%C3%A9t%C3%A9rinaire_Hassan-II\">gouvernement<\/a> a approuv\u00e9, jeudi, le projet de d\u00e9cret n\u00b0 2.23.68 modifiant et compl\u00e9tant le d\u00e9cret n\u00b0 2.09.124 du 16 Dou Al-qiida 1431 (25 octobre 2010) fixant les dur\u00e9es des cycles de formation \u00e0 l\u2019Institut agronomique et v\u00e9t\u00e9rinaire (IAV) Hassan II ainsi que les dipl\u00f4mes correspondants.<\/strong><\/h2>\n<p><strong>Ce texte fait suite \u00e0 la <a href=\"https:\/\/le12.ma\/fr\/liav-hassan-ii-et-lesca-lancent-un-mba-conjoint\/\">publication<\/a> du d\u00e9cret n\u00b0 2.09.124 susmentionn\u00e9 qui comporte une s\u00e9rie de dispositions visant l\u2019organisation et la d\u00e9finition des fili\u00e8res et unit\u00e9s de formation \u00e0 l\u2019IAV Hassan II tout en fixant les dur\u00e9es des ann\u00e9es de formation et les dipl\u00f4mes dispens\u00e9s, mais ce d\u00e9cret avait d\u00e9fini un cahiers des normes p\u00e9dagogiques destin\u00e9 au cycle d\u2019ing\u00e9nieur seulement, omettant les cycles de docteur v\u00e9t\u00e9rinaire et de docteur v\u00e9t\u00e9rinaire sp\u00e9cialis\u00e9, indique un communiqu\u00e9 du minist\u00e8re d\u00e9l\u00e9gu\u00e9 aupr\u00e8s du Chef du gouvernement charg\u00e9 des relations avec le Parlement, porte-parole du gouvernement.<\/strong><\/p>\n<p><strong>Le nouveau d\u00e9cret pr\u00e9voit la condition d\u2019une seule ann\u00e9e pr\u00e9paratoire au lieu de deux pour l\u2019acc\u00e8s au cycle de docteur v\u00e9t\u00e9rinaire, ainsi qu\u2019un cahier des normes p\u00e9dagogiques nationales destin\u00e9 au cycle de docteur v\u00e9t\u00e9rinaire et un autre pour le cycle de docteur v\u00e9t\u00e9rinaire sp\u00e9cialis\u00e9.<\/strong><\/p>\n<p><strong>Ces deux cahiers des normes d\u00e9finissent la fili\u00e8re, les unit\u00e9s qui la composent, son tronc commun et les \u00e9l\u00e9ments du dossier descriptif, ainsi que la d\u00e9finition de l\u2019unit\u00e9, son volume horaire et les \u00e9l\u00e9ments de son dossier descriptif, tout en fixant les conditions d\u2019acc\u00e8s et les r\u00e9gimes d\u2019\u00e9tudes et \u00e9valuations.<\/strong><\/p>\n","protected":false},"excerpt":{"rendered":"<p>Le Conseil de gouvernement a approuv\u00e9, jeudi, le projet de d\u00e9cret n\u00b0 2.23.68 modifiant et compl\u00e9tant le d\u00e9cret n\u00b0 2.09.124 du 16 Dou Al-qiida 1431 (25 octobre 2010) fixant les dur\u00e9es des cycles de formation \u00e0 l\u2019Institut agronomique et v\u00e9t\u00e9rinaire (IAV) Hassan II ainsi que les dipl\u00f4mes correspondants. Ce texte fait suite \u00e0 la publication [&hellip;]<\/p>\n","protected":false},"author":10,"featured_media":34145,"comment_status":"open","ping_status":"open","sticky":false,"template":"","format":"standard","meta":[],"categories":[31,25,54],"tags":[8503,11320],"yst_prominent_words":[5339,395,4432,2757],"jetpack_featured_media_url":"https:\/\/le12.ma\/fr\/wp-content\/uploads\/2023\/07\/gouvernement.jpeg","_links":{"self":[{"href":"https:\/\/le12.ma\/fr\/wp-json\/wp\/v2\/posts\/34144"}],"collection":[{"href":"https:\/\/le12.ma\/fr\/wp-json\/wp\/v2\/posts"}],"about":[{"href":"https:\/\/le12.ma\/fr\/wp-json\/wp\/v2\/types\/post"}],"author":[{"embeddable":true,"href":"https:\/\/le12.ma\/fr\/wp-json\/wp\/v2\/users\/10"}],"replies":[{"embeddable":true,"href":"https:\/\/le12.ma\/fr\/wp-json\/wp\/v2\/comments?post=34144"}],"version-history":[{"count":1,"href":"https:\/\/le12.ma\/fr\/wp-json\/wp\/v2\/posts\/34144\/revisions"}],"predecessor-version":[{"id":34146,"href":"https:\/\/le12.ma\/fr\/wp-json\/wp\/v2\/posts\/34144\/revisions\/34146"}],"wp:featuredmedia":[{"embeddable":true,"href":"https:\/\/le12.ma\/fr\/wp-json\/wp\/v2\/media\/34145"}],"wp:attachment":[{"href":"https:\/\/le12.ma\/fr\/wp-json\/wp\/v2\/media?parent=34144"}],"wp:term":[{"taxonomy":"category","embeddable":true,"href":"https:\/\/le12.ma\/fr\/wp-json\/wp\/v2\/categories?post=34144"},{"taxonomy":"post_tag","embeddable":true,"href":"https:\/\/le12.ma\/fr\/wp-json\/wp\/v2\/tags?post=34144"},{"taxonomy":"yst_prominent_words","embeddable":true,"href":"https:\/\/le12.ma\/fr\/wp-json\/wp\/v2\/yst_prominent_words?post=34144"}],"curies":[{"name":"wp","href":"https:\/\/api.w.org\/{rel}","templated":true}]}}