{"id":3408,"date":"2020-09-09T21:06:48","date_gmt":"2020-09-09T20:06:48","guid":{"rendered":"https:\/\/le12.ma\/fr\/?p=3408"},"modified":"2020-09-09T21:06:48","modified_gmt":"2020-09-09T20:06:48","slug":"report-du-festival-international-cinema-et-migrations-dagadir","status":"publish","type":"post","link":"https:\/\/le12.ma\/fr\/report-du-festival-international-cinema-et-migrations-dagadir\/","title":{"rendered":"Report du Festival international \u201cCin\u00e9ma et migrations\u201d d\u2019Agadir"},"content":{"rendered":"<p><span style=\"color: #ff0000;\"><strong>Agadir \u2013 le12<\/strong><\/span><\/p>\n<p style=\"text-align: left;\">\n<strong>L\u2019Association \u201cInitiative culturelle\u201d, organisatrice du Festival international \u201cCin\u00e9ma et migrations\u201d (FICMA) d\u2019Agadir a d\u00e9cid\u00e9 de reporter la 17\u00e8me \u00e9dition qui \u00e9tait pr\u00e9vue du 14 au 19 d\u00e9cembre, en raison des circonstances sanitaires exceptionnelles impos\u00e9es par la pand\u00e9mie du nouveau coronavirus.<\/strong><\/p>\n","protected":false},"excerpt":{"rendered":"<p>Agadir \u2013 le12 L\u2019Association \u201cInitiative culturelle\u201d, organisatrice du Festival international \u201cCin\u00e9ma et migrations\u201d (FICMA) d\u2019Agadir a d\u00e9cid\u00e9 de reporter la 17\u00e8me \u00e9dition qui \u00e9tait pr\u00e9vue du 14 au 19 d\u00e9cembre, en raison des circonstances sanitaires exceptionnelles impos\u00e9es par la pand\u00e9mie du nouveau coronavirus.<\/p>\n","protected":false},"author":4,"featured_media":3409,"comment_status":"open","ping_status":"open","sticky":false,"template":"","format":"standard","meta":[],"categories":[26,31],"tags":[],"yst_prominent_words":[],"jetpack_featured_media_url":"https:\/\/le12.ma\/fr\/wp-content\/uploads\/2020\/09\/20200909_210525.jpg","_links":{"self":[{"href":"https:\/\/le12.ma\/fr\/wp-json\/wp\/v2\/posts\/3408"}],"collection":[{"href":"https:\/\/le12.ma\/fr\/wp-json\/wp\/v2\/posts"}],"about":[{"href":"https:\/\/le12.ma\/fr\/wp-json\/wp\/v2\/types\/post"}],"author":[{"embeddable":true,"href":"https:\/\/le12.ma\/fr\/wp-json\/wp\/v2\/users\/4"}],"replies":[{"embeddable":true,"href":"https:\/\/le12.ma\/fr\/wp-json\/wp\/v2\/comments?post=3408"}],"version-history":[{"count":1,"href":"https:\/\/le12.ma\/fr\/wp-json\/wp\/v2\/posts\/3408\/revisions"}],"predecessor-version":[{"id":3410,"href":"https:\/\/le12.ma\/fr\/wp-json\/wp\/v2\/posts\/3408\/revisions\/3410"}],"wp:featuredmedia":[{"embeddable":true,"href":"https:\/\/le12.ma\/fr\/wp-json\/wp\/v2\/media\/3409"}],"wp:attachment":[{"href":"https:\/\/le12.ma\/fr\/wp-json\/wp\/v2\/media?parent=3408"}],"wp:term":[{"taxonomy":"category","embeddable":true,"href":"https:\/\/le12.ma\/fr\/wp-json\/wp\/v2\/categories?post=3408"},{"taxonomy":"post_tag","embeddable":true,"href":"https:\/\/le12.ma\/fr\/wp-json\/wp\/v2\/tags?post=3408"},{"taxonomy":"yst_prominent_words","embeddable":true,"href":"https:\/\/le12.ma\/fr\/wp-json\/wp\/v2\/yst_prominent_words?post=3408"}],"curies":[{"name":"wp","href":"https:\/\/api.w.org\/{rel}","templated":true}]}}