{"id":34051,"date":"2023-07-05T12:45:56","date_gmt":"2023-07-05T11:45:56","guid":{"rendered":"https:\/\/le12.ma\/fr\/?p=34051"},"modified":"2023-07-05T12:45:56","modified_gmt":"2023-07-05T11:45:56","slug":"casablanca-la-2e-edition-du-festival-anfa-park-en-fete","status":"publish","type":"post","link":"https:\/\/le12.ma\/fr\/casablanca-la-2e-edition-du-festival-anfa-park-en-fete\/","title":{"rendered":"Casablanca: La 2e \u00e9dition du festival \u201cAnfa Park en F\u00eate\u201d\u00a0\u00a0\u00a0\u00a0\u00a0"},"content":{"rendered":"<h2><strong>La deuxi\u00e8me <a href=\"https:\/\/mapfinance.ma\/casablanca-la-2e-edition-du-festival-anfa-park-en-fete-du-7-au-30-juillet\/\">\u00e9dition<\/a> de \u201cAnfa Park en F\u00eate\u201d, un festival d\u2019\u00e9t\u00e9 riche en activit\u00e9s et animations pour toute la famille, se tiendra du 7 au 30 juillet courant \u00e0 Anfa Park, ont annonc\u00e9 mercredi les organisateurs.<\/strong><\/h2>\n<p><strong>Apr\u00e8s le <a href=\"https:\/\/le12.ma\/fr\/natacha-atlas-enchante-le-public-de-jazzablanca\/\">succ\u00e8s <\/a>de sa premi\u00e8re \u00e9dition en juin 2022, l\u2019\u00e9quipe de Seven PM, en collaboration avec l\u2019Association Jazz Au Maroc (JAM) et l\u2019Agence d\u2019Urbanisation et de D\u00e9veloppement d\u2019Anfa (AUDA), r\u00e9it\u00e8rent les festivit\u00e9s de \u201cAnfa Park en F\u00eate\u201d, pour offrir un \u00e9t\u00e9 m\u00e9morable aux festivaliers, du 7 au 30 juillet, indique un communiqu\u00e9 des organisateurs.<\/strong><\/p>\n<p><strong>Cet \u00e9v\u00e9nement grand public se d\u00e9roulera sur une p\u00e9riode de 24 jours, et promet une exp\u00e9rience unique de partage, de divertissement et de c\u00e9l\u00e9bration \u00e0 travers une multitude d\u2019activit\u00e9s artistiques, sportives et p\u00e9dagogiques, avec des rendez-vous culturels et musicaux.<\/strong><\/p>\n<p><strong>\u201cAnfa Park en F\u00eate\u201d se d\u00e9cline en deux espaces au sein de Anfa Park, note le communiqu\u00e9. Il s\u2019agit de l\u2019espace Le Park qui, organis\u00e9 par l\u2019association JAM, propose des animations gratuites, les quatre derniers jours de la semaine, du 7 au 30 juillet.<\/strong><\/p>\n<p><strong>Les festivaliers pourront profiter de nombreuses activit\u00e9s artistiques, culturelles, sportives et ludiques, telles que la grande roue, offrant une vue imprenable sur Anfa Park, diverses activit\u00e9s sportives et de bien-\u00eatre, telles que le yoga, la boxe, des initiations et des d\u00e9monstrations au Skate Park et des cours et comp\u00e9titions de p\u00e9tanque, pr\u00e9cisent les organisateurs.<\/strong><\/p>\n<p><strong>De plus, l\u2019art urbain sera \u00e9galement \u00e0 l\u2019honneur avec des concerts de rue, mettant en avant des jeunes talents, et des performances autour du street art.<\/strong><\/p>\n<p><strong>Gr\u00e2ce \u00e0 un partenariat avec l\u2019Institut fran\u00e7ais de Casablanca, des projections cin\u00e9matographiques, en plein air, sont au programme, ainsi que la d\u00e9localisation de la m\u00e9diath\u00e8que de l\u2019IFC, qui s\u2019installe au Park Expo, un espace d\u00e9di\u00e9e \u00e0 la Culture et aux \u00e9changes au coeur des jardins du festival, proposant des ateliers captivants, des rencontres litt\u00e9raires stimulantes ainsi que des initiations et des ateliers de beatmaking.<\/strong><\/p>\n<p><strong>Le second espace, le Village Casa Anfa (Payant), est organis\u00e9 par l\u2019agence de production culturelle Seven PM, organisatrice de Jazzablanca, de Tanjazz et de Music Talent.<\/strong><\/p>\n<p><strong>Au programme de cet espace des concerts et DJ set autour d\u2019un village convivial avec un food court de plus de 15 restaurants, un espace cr\u00e9ateurs et une gaming zone, note le communiqu\u00e9.<\/strong><\/p>\n<p><strong>Le Village abritera la premi\u00e8re \u00e9dition du festival Casa Anfa Latina, du 7 au 9 juillet, ainsi que le \u201cVillage Casa Anfa\u201d, qui proposera une programmation de musique \u00e9lectronique in\u00e9dite, avec pr\u00e8s de 40 DJ nationaux et internationaux, du 13 au 16, du 20 au 23, et du 27 au 30 juillet, indique le communiqu\u00e9.<\/strong><\/p>\n<p><strong>La premi\u00e8re \u00e9dition de Casa Anfa Latina, poursuit la m\u00eame source, promet un programme riche, durant trois jours. Elle sera articul\u00e9e autour de trois t\u00eates d\u2019affiche, figures majeures des musiques latines : Philippe Cohen Solal en DJ set, l\u2019un des fondateurs de Gotan Project et producteur aux multiples facettes, Yuri Buenaventura v\u00e9ritable l\u00e9gende de la salsa colombienne, et Grupo Compay Segundo les h\u00e9ritiers de la riche histoire de la musique cubaine, indiquent les organisateurs.<\/strong><\/p>\n<p><strong>La programmation de Casa Anfa Latina offre \u00e9galement de nombreuses animations : cours de danse, batucada, cracheurs de feu, \u00e9chassiers\u2026 Une programmation ambitieuse pour cette premi\u00e8re \u00e9dition qui promet trois jours de f\u00eate et de d\u00e9couvertes, conclut le communiqu\u00e9.<\/strong><\/p>\n","protected":false},"excerpt":{"rendered":"<p>La deuxi\u00e8me \u00e9dition de \u201cAnfa Park en F\u00eate\u201d, un festival d\u2019\u00e9t\u00e9 riche en activit\u00e9s et animations pour toute la famille, se tiendra du 7 au 30 juillet courant \u00e0 Anfa Park, ont annonc\u00e9 mercredi les organisateurs. Apr\u00e8s le succ\u00e8s de sa premi\u00e8re \u00e9dition en juin 2022, l\u2019\u00e9quipe de Seven PM, en collaboration avec l\u2019Association Jazz [&hellip;]<\/p>\n","protected":false},"author":10,"featured_media":34052,"comment_status":"open","ping_status":"open","sticky":false,"template":"","format":"standard","meta":[],"categories":[9442,31,9268,54],"tags":[11299,6315],"yst_prominent_words":[257],"jetpack_featured_media_url":"https:\/\/le12.ma\/fr\/wp-content\/uploads\/2023\/07\/Anfa-Park-900x600-1.jpeg","_links":{"self":[{"href":"https:\/\/le12.ma\/fr\/wp-json\/wp\/v2\/posts\/34051"}],"collection":[{"href":"https:\/\/le12.ma\/fr\/wp-json\/wp\/v2\/posts"}],"about":[{"href":"https:\/\/le12.ma\/fr\/wp-json\/wp\/v2\/types\/post"}],"author":[{"embeddable":true,"href":"https:\/\/le12.ma\/fr\/wp-json\/wp\/v2\/users\/10"}],"replies":[{"embeddable":true,"href":"https:\/\/le12.ma\/fr\/wp-json\/wp\/v2\/comments?post=34051"}],"version-history":[{"count":1,"href":"https:\/\/le12.ma\/fr\/wp-json\/wp\/v2\/posts\/34051\/revisions"}],"predecessor-version":[{"id":34053,"href":"https:\/\/le12.ma\/fr\/wp-json\/wp\/v2\/posts\/34051\/revisions\/34053"}],"wp:featuredmedia":[{"embeddable":true,"href":"https:\/\/le12.ma\/fr\/wp-json\/wp\/v2\/media\/34052"}],"wp:attachment":[{"href":"https:\/\/le12.ma\/fr\/wp-json\/wp\/v2\/media?parent=34051"}],"wp:term":[{"taxonomy":"category","embeddable":true,"href":"https:\/\/le12.ma\/fr\/wp-json\/wp\/v2\/categories?post=34051"},{"taxonomy":"post_tag","embeddable":true,"href":"https:\/\/le12.ma\/fr\/wp-json\/wp\/v2\/tags?post=34051"},{"taxonomy":"yst_prominent_words","embeddable":true,"href":"https:\/\/le12.ma\/fr\/wp-json\/wp\/v2\/yst_prominent_words?post=34051"}],"curies":[{"name":"wp","href":"https:\/\/api.w.org\/{rel}","templated":true}]}}