{"id":33979,"date":"2023-07-04T12:11:27","date_gmt":"2023-07-04T11:11:27","guid":{"rendered":"https:\/\/le12.ma\/fr\/?p=33979"},"modified":"2023-07-04T12:11:27","modified_gmt":"2023-07-04T11:11:27","slug":"sale-des-policiers-contraints-de-faire-usage-de-leurs-armes-de-service-pour-mettre-hors-detat-de-nuire-un-individu-dangereux","status":"publish","type":"post","link":"https:\/\/le12.ma\/fr\/sale-des-policiers-contraints-de-faire-usage-de-leurs-armes-de-service-pour-mettre-hors-detat-de-nuire-un-individu-dangereux\/","title":{"rendered":"Sal\u00e9: des policiers contraints de faire usage de leurs armes de service pour mettre hors d\u2019\u00e9tat de nuire un individu dangereux"},"content":{"rendered":"<h2><strong>Les \u00e9l\u00e9ments d\u2019une <a href=\"https:\/\/fr.wikipedia.org\/wiki\/Direction_g%C3%A9n%C3%A9rale_de_la_S%C3%BBret%C3%A9_nationale_(Maroc)\">patrouille<\/a> de police relevant du district provincial de s\u00fbret\u00e9 de Sal\u00e9 ont \u00e9t\u00e9 contraints, dans les premi\u00e8res heures de la matin\u00e9e de mardi, d\u2019utiliser leurs armes de service lors d\u2019une intervention s\u00e9curitaire visant \u00e0 mettre hors d\u2019\u00e9tat de nuire un individu \u00e2g\u00e9 de 35 ans, aux ant\u00e9c\u00e9dents judiciaires, qui \u00e9tait dans un \u00e9tat anormal et mettait en danger la vie des \u00e9l\u00e9ments de police \u00e0 l\u2019aide de l\u2019arme blanche, indique la Direction g\u00e9n\u00e9rale de la s\u00fbret\u00e9 nationale (DGSN).<\/strong><\/h2>\n<p><strong>Selon les donn\u00e9es pr\u00e9liminaires de l\u2019enqu\u00eate, une patrouille de police, compos\u00e9e <a href=\"https:\/\/le12.ma\/fr\/la-dgsn-dement-les-commentaires-dune-video-pretendant-quune-fillette-ait-ete-agressee-par-une-femme-au-maroc\/\">d\u2019\u00e9l\u00e9ments<\/a> de l\u2019ordre public et de la brigade antigang, est intervenue pour interpeller le mis en cause qui \u00e9tait dans un \u00e9tat anormal, en flagrant d\u00e9lit de tapage sur la voie publique \u00e0 Kariat Oulad Moussa \u00e0 Sal\u00e9 et en possession de deux armes blanches de grande taille, pr\u00e9cise la DGSN dans un communiqu\u00e9.<\/strong><\/p>\n<p><strong>Le suspect a oppos\u00e9 une violente r\u00e9sistance aux \u00e9l\u00e9ments de police, qu\u2019il a mis en grave danger sous la menace de l\u2019arme blanche, ce qui a contraint un inspecteur de police et un gardien de la paix de la patrouille \u00e0 faire usage de leurs armes de service pour lancer des tirs de sommation, avant de toucher le mis en cause qui est d\u00e9c\u00e9d\u00e9 apr\u00e8s son transfert \u00e0 l\u2019h\u00f4pital, poursuit le communiqu\u00e9.<\/strong><\/p>\n<p><strong>La d\u00e9pouille du d\u00e9funt a \u00e9t\u00e9 d\u00e9pos\u00e9e \u00e0 la morgue pour les besoins d\u2019autopsie, tandis qu\u2019une enqu\u00eate judiciaire a \u00e9t\u00e9 ouverte par le service pr\u00e9fectoral de la police judiciaire sous la supervision du parquet comp\u00e9tent pour d\u00e9terminer les tenants et aboutissants de cette affaire, conclut-on.<\/strong><\/p>\n","protected":false},"excerpt":{"rendered":"<p>Les \u00e9l\u00e9ments d\u2019une patrouille de police relevant du district provincial de s\u00fbret\u00e9 de Sal\u00e9 ont \u00e9t\u00e9 contraints, dans les premi\u00e8res heures de la matin\u00e9e de mardi, d\u2019utiliser leurs armes de service lors d\u2019une intervention s\u00e9curitaire visant \u00e0 mettre hors d\u2019\u00e9tat de nuire un individu \u00e2g\u00e9 de 35 ans, aux ant\u00e9c\u00e9dents judiciaires, qui \u00e9tait dans un [&hellip;]<\/p>\n","protected":false},"author":10,"featured_media":33980,"comment_status":"open","ping_status":"open","sticky":false,"template":"","format":"standard","meta":[],"categories":[28,9268,54],"tags":[11286,7815],"yst_prominent_words":[3404,3242,145,1375,2927,1380,3403,3394,649,4654,1053,1376],"jetpack_featured_media_url":"https:\/\/le12.ma\/fr\/wp-content\/uploads\/2023\/07\/\u0627DGSN.jpg","_links":{"self":[{"href":"https:\/\/le12.ma\/fr\/wp-json\/wp\/v2\/posts\/33979"}],"collection":[{"href":"https:\/\/le12.ma\/fr\/wp-json\/wp\/v2\/posts"}],"about":[{"href":"https:\/\/le12.ma\/fr\/wp-json\/wp\/v2\/types\/post"}],"author":[{"embeddable":true,"href":"https:\/\/le12.ma\/fr\/wp-json\/wp\/v2\/users\/10"}],"replies":[{"embeddable":true,"href":"https:\/\/le12.ma\/fr\/wp-json\/wp\/v2\/comments?post=33979"}],"version-history":[{"count":1,"href":"https:\/\/le12.ma\/fr\/wp-json\/wp\/v2\/posts\/33979\/revisions"}],"predecessor-version":[{"id":33981,"href":"https:\/\/le12.ma\/fr\/wp-json\/wp\/v2\/posts\/33979\/revisions\/33981"}],"wp:featuredmedia":[{"embeddable":true,"href":"https:\/\/le12.ma\/fr\/wp-json\/wp\/v2\/media\/33980"}],"wp:attachment":[{"href":"https:\/\/le12.ma\/fr\/wp-json\/wp\/v2\/media?parent=33979"}],"wp:term":[{"taxonomy":"category","embeddable":true,"href":"https:\/\/le12.ma\/fr\/wp-json\/wp\/v2\/categories?post=33979"},{"taxonomy":"post_tag","embeddable":true,"href":"https:\/\/le12.ma\/fr\/wp-json\/wp\/v2\/tags?post=33979"},{"taxonomy":"yst_prominent_words","embeddable":true,"href":"https:\/\/le12.ma\/fr\/wp-json\/wp\/v2\/yst_prominent_words?post=33979"}],"curies":[{"name":"wp","href":"https:\/\/api.w.org\/{rel}","templated":true}]}}