{"id":33945,"date":"2023-07-03T17:02:04","date_gmt":"2023-07-03T16:02:04","guid":{"rendered":"https:\/\/le12.ma\/fr\/?p=33945"},"modified":"2023-07-03T17:02:04","modified_gmt":"2023-07-03T16:02:04","slug":"rabat-le-44eme-moussem-culturel-international-dassilah-en-deux-editions","status":"publish","type":"post","link":"https:\/\/le12.ma\/fr\/rabat-le-44eme-moussem-culturel-international-dassilah-en-deux-editions\/","title":{"rendered":"Rabat\u00a0: Le 44\u00e8me Moussem culturel international d\u2019Assilah en deux \u00e9ditions"},"content":{"rendered":"<h2><strong>Le 44\u00e8 Moussem Culturel International <a href=\"https:\/\/www.mapexpress.ma\/actualite\/culture-et-medias\/44eme-moussem-culturel-international-dassilah-en-editions-en-juillet-en-octobre\/\">d\u2019Assilah<\/a> se tiendra \u00e0 l\u2019instar de l\u2019\u00e9dition pr\u00e9c\u00e9dente en deux \u00e9ditions (juillet et octobre), annonce lundi la Fondation du forum d\u2019Assilah.<\/strong><\/h2>\n<p><strong>Plac\u00e9e sous le Haut <a href=\"https:\/\/le12.ma\/fr\/assilah-se-transforme-en-galerie-dart-a-ciel-ouvert\/\">Patronage<\/a> de SM le Roi Mohammed VI, cette \u00e9dition est organis\u00e9e en collaboration avec le minist\u00e8re de la Culture, de la Jeunesse et de la Communication (D\u00e9partement de la culture) et la commune d\u2019Assilah. L\u2019\u00e9dition d\u2019\u00c9t\u00e9 est pr\u00e9vue du\u00a0 04 au 25 juillet, tandis que l\u2019\u00e9dition d\u2019automne, se d\u00e9roulera du 06 au 27 octobre prochain, souligne la Fondation dans un communiqu\u00e9.<\/strong><\/p>\n<p><strong>L\u2019\u00e9dition d\u2019\u00c9t\u00e9 sera consacr\u00e9e aux arts plastiques et sera marqu\u00e9e par l\u2019organisation de deux colloques intitul\u00e9s \u201cL\u2019art contemporain marocain et la question culturelle\u201d (le 14 et 15 juillet) et \u201cLa peinture marocaine et le discours critique\u201d (le 20 et 21 juillet), ainsi qu\u2019un hommage \u00e0 l\u2019artiste peintre Abdelkbir Rabie, le 16 juillet, ajoute la m\u00eame source.<\/strong><\/p>\n<p><strong>Comme le veut la coutume du Moussem depuis 1978, le programme artistique propose un atelier de peinture murale, du 04 au 09 juillet, avec la participation de 13 artistes qui laisseront leurs empreintes sur les murailles et les remparts de l\u2019ancienne m\u00e9dina durant cette p\u00e9riode.<\/strong><\/p>\n<p><strong>A l\u2019instar de leurs a\u00een\u00e9s, les passionn\u00e9s en herbe participeront \u00e0 \u201cl\u2019Atelier de Peinture Murale pour les Enfants\u201d, sous l\u2019encadrement de l\u2019artiste-peintre Kaoutar Chergui.<\/strong><\/p>\n<p><strong>Du 10 au 25 juillet, la Fondation organisera les ateliers des arts plastiques (peinture murale, gravure et lithographie), avec la participation de 29 artistes de diff\u00e9rentes nationalit\u00e9s.<\/strong><\/p>\n<p><strong>Selon le communiqu\u00e9, les galeries du Centre Hassan II des Rencontres Internationales abriteront, \u00e0 partir du 15 juillet, l\u2019exposition conjointe des deux artistes marocains Narjiss El Joubari et Mohamed Anzaoui ainsi que l\u2019exposition des \u0153uvres de \u201cl\u2019Atelier des Enfants du Moussem\u201d, parall\u00e8lement \u00e0 l\u2019atelier de peinture enfantin \u201cles talents du Moussem\u201d.<\/strong><\/p>\n<p><strong>Par ailleurs, le programme des Arts Plastiques comprend \u00e9galement une exposition collective des \u201cJeunes Peintres d\u2019Assilah\u201d (Les jeunes artistes zaylachi) \u00e0 la Galerie d\u2019Exposition du Diwan, tandis que les Galeries du Palais de la Culture seront orn\u00e9es par les \u0153uvres du peintre marocain Mouad Jebbari.<\/strong><\/p>\n<p><strong>La Biblioth\u00e8que Prince Bandar Ben Sultan abritera le programme \u00e9ducatif de l\u2019atelier \u201cCr\u00e9ativit\u00e9 litt\u00e9raire\u201d, organis\u00e9 au profit d\u2019une centaine d\u2019\u00e9l\u00e8ves d\u2019\u00e9tablissements d\u2019enseignements secondaires d\u2019Assilah, sous l\u2019encadrement du professeur Mustapha Baalich.<\/strong><\/p>\n<p><strong>La session automnale du 44\u00e8me Moussem verra la participation notoire d\u2019environ 350 chercheurs, penseurs, d\u00e9cideurs influents, po\u00e8tes et professionnels des m\u00e9dias.<\/strong><\/p>\n","protected":false},"excerpt":{"rendered":"<p>Le 44\u00e8 Moussem Culturel International d\u2019Assilah se tiendra \u00e0 l\u2019instar de l\u2019\u00e9dition pr\u00e9c\u00e9dente en deux \u00e9ditions (juillet et octobre), annonce lundi la Fondation du forum d\u2019Assilah. Plac\u00e9e sous le Haut Patronage de SM le Roi Mohammed VI, cette \u00e9dition est organis\u00e9e en collaboration avec le minist\u00e8re de la Culture, de la Jeunesse et de la [&hellip;]<\/p>\n","protected":false},"author":10,"featured_media":33946,"comment_status":"open","ping_status":"open","sticky":false,"template":"","format":"standard","meta":[],"categories":[9442,31,54],"tags":[11279],"yst_prominent_words":[4435,252,583,841,502,4473,869,449],"jetpack_featured_media_url":"https:\/\/le12.ma\/fr\/wp-content\/uploads\/2023\/07\/Moussem-dAsilah.png","_links":{"self":[{"href":"https:\/\/le12.ma\/fr\/wp-json\/wp\/v2\/posts\/33945"}],"collection":[{"href":"https:\/\/le12.ma\/fr\/wp-json\/wp\/v2\/posts"}],"about":[{"href":"https:\/\/le12.ma\/fr\/wp-json\/wp\/v2\/types\/post"}],"author":[{"embeddable":true,"href":"https:\/\/le12.ma\/fr\/wp-json\/wp\/v2\/users\/10"}],"replies":[{"embeddable":true,"href":"https:\/\/le12.ma\/fr\/wp-json\/wp\/v2\/comments?post=33945"}],"version-history":[{"count":1,"href":"https:\/\/le12.ma\/fr\/wp-json\/wp\/v2\/posts\/33945\/revisions"}],"predecessor-version":[{"id":33947,"href":"https:\/\/le12.ma\/fr\/wp-json\/wp\/v2\/posts\/33945\/revisions\/33947"}],"wp:featuredmedia":[{"embeddable":true,"href":"https:\/\/le12.ma\/fr\/wp-json\/wp\/v2\/media\/33946"}],"wp:attachment":[{"href":"https:\/\/le12.ma\/fr\/wp-json\/wp\/v2\/media?parent=33945"}],"wp:term":[{"taxonomy":"category","embeddable":true,"href":"https:\/\/le12.ma\/fr\/wp-json\/wp\/v2\/categories?post=33945"},{"taxonomy":"post_tag","embeddable":true,"href":"https:\/\/le12.ma\/fr\/wp-json\/wp\/v2\/tags?post=33945"},{"taxonomy":"yst_prominent_words","embeddable":true,"href":"https:\/\/le12.ma\/fr\/wp-json\/wp\/v2\/yst_prominent_words?post=33945"}],"curies":[{"name":"wp","href":"https:\/\/api.w.org\/{rel}","templated":true}]}}