{"id":33910,"date":"2023-07-03T13:05:41","date_gmt":"2023-07-03T12:05:41","guid":{"rendered":"https:\/\/le12.ma\/fr\/?p=33910"},"modified":"2023-07-03T13:06:14","modified_gmt":"2023-07-03T12:06:14","slug":"agriculture-le-maroc-booste-sa-cooperation-internationale","status":"publish","type":"post","link":"https:\/\/le12.ma\/fr\/agriculture-le-maroc-booste-sa-cooperation-internationale\/","title":{"rendered":"Agriculture: Le Maroc booste sa coop\u00e9ration internationale"},"content":{"rendered":"<h2><strong>De son <a href=\"https:\/\/mapfinance.ma\/agriculture-le-maroc-booste-sa-cooperation-internationale\/\">voisinage<\/a> aux terres lointaines, le Maroc est d\u00e9cid\u00e9 \u00e0 booster sa coop\u00e9ration agricole au niveau international, en vue de renforcer sa contribution \u00e0 la s\u00e9curit\u00e9 alimentaire mondiale, promouvoir les bonnes pratiques et conqu\u00e9rir de nouvelles perspectives.<\/strong><\/h2>\n<p><strong>En marge de sa <a href=\"https:\/\/le12.ma\/fr\/le-chef-du-gouvernement-tient-une-serie-de-reunions-avec-les-professionnels-du-secteur-de-lagriculture\/\">participation<\/a> \u00e0 la 43e session de la Conf\u00e9rence de l\u2019Organisation des Nations Unies pour l\u2019alimentation et l\u2019agriculture (FAO), le ministre de l\u2019Agriculture, de la P\u00eache maritime, du D\u00e9veloppement rural, des Eaux et For\u00eats, Mohamed Sadiki, a tenu une s\u00e9rie d\u2019entretiens avec nombre de ses homologues en Afrique, en Europe, en Am\u00e9rique Latine et en Australie. L\u2019objectif : Stimuler davantage la collaboration bilat\u00e9rale et multilat\u00e9rale dans le domaine agricole.<\/strong><\/p>\n<p><strong>Le r\u00f4le du Maroc dans la s\u00e9curit\u00e9 alimentaire au niveau r\u00e9gional a notamment \u00e9t\u00e9 au centre d\u2019une entrevue, tenue samedi \u00e0 Rome, entre M. Sadiki, et son homologue espagnol, Luis Planas.<\/strong><\/p>\n<p><strong>La rencontre a \u00e9t\u00e9 l\u2019occasion d\u2019examiner plusieurs questions d\u2019int\u00e9r\u00eat commun, aux niveaux national et r\u00e9gional, notamment les chaines de valeurs, l\u2019eau, l\u2019irrigation et la sant\u00e9 animale et v\u00e9g\u00e9tale.<\/strong><\/p>\n<p><strong>\u201cL\u2019un des pays les plus d\u00e9velopp\u00e9s en Afrique, le Maroc peut jouer un r\u00f4le central dans l\u2019\u00e9radication des probl\u00e8mes li\u00e9s \u00e0 la faim et \u00e0 la sous-alimentation dans le continent\u201d, avait affirm\u00e9 \u00e0 la MAP le ministre espagnol, dont le pays assure la pr\u00e9sidence tournante de l\u2019Union Europ\u00e9enne.<\/strong><\/p>\n<p><strong>De son c\u00f4t\u00e9, le ministre marocain a fait savoir que ces entretiens ont \u00e9galement permis de mettre en avant l\u2019importance de l\u2019accord sanitaire maroco-espagnol, qui garantit un flux et une dynamique rapide des \u00e9changes commerciaux dans le secteur entre les deux pays et naturellement entre l\u2019Afrique et l\u2019Europe, soulignant l\u2019importance de la coop\u00e9ration triangulaire pour relever les d\u00e9fis auxquels fait face le bassin m\u00e9diterran\u00e9en.<\/strong><\/p>\n<p><strong> Sadiki a, par ailleurs, r\u00e9it\u00e9r\u00e9 au responsable espagnol l\u2019engagement du Royaume dans les questions li\u00e9es \u00e0 la s\u00e9curit\u00e9 alimentaire aux niveaux national et r\u00e9gional, une question urgente \u00e0 laquelle le Maroc accorde une importance primordiale.<\/strong><\/p>\n<p><strong>Au niveau africain, le ministre a \u00e9chang\u00e9 avec son homologue ghan\u00e9en, Bryan Acheampong, qui a exprim\u00e9 la volont\u00e9 de son pays de b\u00e9n\u00e9ficier de l\u2019exp\u00e9rience pionni\u00e8re du Royaume, qui a r\u00e9alis\u00e9 des avanc\u00e9es notables<\/strong><\/p>\n<p><strong>\u201cDot\u00e9 d\u2019une grande expertise, le Royaume a \u00e9norm\u00e9ment \u00e0 partager avec les pays du continent, notamment le Ghana\u201d, avait-il affirm\u00e9 \u00e0 la MAP, exprimant sa volont\u00e9 de renforcer davantage la coop\u00e9ration entre Rabat et Accra dans le domaine agricole pour saisir mutuellement les opportunit\u00e9s dont regorgent les deux pays.<\/strong><\/p>\n<p><strong>De son c\u00f4t\u00e9, le ministre \u00e9quato-guin\u00e9en, Jos\u00e9 Juan, a affirm\u00e9, \u00e0 l\u2019issue de son entretien avec M. Sadiki, la ferme d\u00e9termination de son pays \u00e0 soutenir le Maroc dans toutes ses initiatives pour l\u2019Afrique, se f\u00e9licitant du niveau de la collaboration agricole entre Rabat et Malabo.<\/strong><\/p>\n<p><strong>Leur homologue ougandais a, \u00e0 son tour, assur\u00e9 sa disposition d\u2019aller vers l\u2019avant avec le Maroc pour relever les d\u00e9fis agricoles au b\u00e9n\u00e9fice des int\u00e9r\u00eats mutuels des deux pays et du continent.<\/strong><\/p>\n<p><strong>Pour relever ses grands d\u00e9fis, dont la r\u00e9silience face \u00e0 la s\u00e9cheresse, le Maroc renforcera \u00e9galement sa coop\u00e9ration avec l\u2019Australie, qui partage la m\u00eame probl\u00e9matique.<\/strong><\/p>\n<p><strong>D\u2019apr\u00e8s le ministre australien, Murray Watt, les deux pays partagent, malgr\u00e9 la distance, des d\u00e9fis en commun, notamment la durabilit\u00e9 des syst\u00e8mes agroalimentaires, faisant part de sa ferme volont\u00e9 d\u2019approfondir la coop\u00e9ration bilat\u00e9rale dans ce domaine.<\/strong><\/p>\n<p><strong>Par ailleurs, M. Sadiki a convenu avec son homologue br\u00e9silien, Paulo Teixeira, de renforcer leur coop\u00e9ration bilat\u00e9rale en mati\u00e8re de d\u00e9veloppement agricole, \u00e0 travers notamment la promotion de la recherche et de l\u2019innovation, \u201coutils primordiaux pour l\u2019adaptation et la r\u00e9silience des syst\u00e8mes alimentaires\u201d.<\/strong><\/p>\n<p><strong>\u201cIl est tr\u00e8s important pour nous de renforcer la collaboration avec le Maroc\u201d, a d\u00e9clar\u00e9 \u00e0 la MAP M. Teixeira, saluant le \u201cmod\u00e8le agricole marocain qui repose sur une approche int\u00e9gr\u00e9e englobant plusieurs aspects, dont la technologie et la recherche\u201d.<\/strong><\/p>\n<p><strong>Dans ce sens, le responsable br\u00e9silien a \u00e9voqu\u00e9 les efforts continus du Royaume en mati\u00e8re de dessalement de l\u2019eau et de traitement des eaux us\u00e9es, qui s\u2019imposent comme des solutions optimales au changement climatique.<\/strong><\/p>\n<p><strong>Selon la FAO, une bonne gouvernance pour la s\u00e9curit\u00e9 alimentaire et la nutrition s\u2019impose \u00e0 tous les niveaux, mondial, r\u00e9gional et national. Elle exige que la communaut\u00e9 internationale coordonne et mobilise un appui significatif, sous la forme d\u2019une aide humanitaire ou d\u2019une aide au d\u00e9veloppement, aux niveaux national, bilat\u00e9ral ou multilat\u00e9ral, et selon les priorit\u00e9s identifi\u00e9es par les pays. \u201cLe Maroc est sur la bonne voie\u201d, d\u2019apr\u00e8s ces diff\u00e9rents ministres.<\/strong><\/p>\n","protected":false},"excerpt":{"rendered":"<p>De son voisinage aux terres lointaines, le Maroc est d\u00e9cid\u00e9 \u00e0 booster sa coop\u00e9ration agricole au niveau international, en vue de renforcer sa contribution \u00e0 la s\u00e9curit\u00e9 alimentaire mondiale, promouvoir les bonnes pratiques et conqu\u00e9rir de nouvelles perspectives. En marge de sa participation \u00e0 la 43e session de la Conf\u00e9rence de l\u2019Organisation des Nations Unies [&hellip;]<\/p>\n","protected":false},"author":10,"featured_media":33914,"comment_status":"open","ping_status":"open","sticky":false,"template":"","format":"standard","meta":[],"categories":[25,33,54],"tags":[7566,1108],"yst_prominent_words":[695,69,193,826,98,820,198],"jetpack_featured_media_url":"https:\/\/le12.ma\/fr\/wp-content\/uploads\/2023\/07\/Agriculture.jpg","_links":{"self":[{"href":"https:\/\/le12.ma\/fr\/wp-json\/wp\/v2\/posts\/33910"}],"collection":[{"href":"https:\/\/le12.ma\/fr\/wp-json\/wp\/v2\/posts"}],"about":[{"href":"https:\/\/le12.ma\/fr\/wp-json\/wp\/v2\/types\/post"}],"author":[{"embeddable":true,"href":"https:\/\/le12.ma\/fr\/wp-json\/wp\/v2\/users\/10"}],"replies":[{"embeddable":true,"href":"https:\/\/le12.ma\/fr\/wp-json\/wp\/v2\/comments?post=33910"}],"version-history":[{"count":1,"href":"https:\/\/le12.ma\/fr\/wp-json\/wp\/v2\/posts\/33910\/revisions"}],"predecessor-version":[{"id":33915,"href":"https:\/\/le12.ma\/fr\/wp-json\/wp\/v2\/posts\/33910\/revisions\/33915"}],"wp:featuredmedia":[{"embeddable":true,"href":"https:\/\/le12.ma\/fr\/wp-json\/wp\/v2\/media\/33914"}],"wp:attachment":[{"href":"https:\/\/le12.ma\/fr\/wp-json\/wp\/v2\/media?parent=33910"}],"wp:term":[{"taxonomy":"category","embeddable":true,"href":"https:\/\/le12.ma\/fr\/wp-json\/wp\/v2\/categories?post=33910"},{"taxonomy":"post_tag","embeddable":true,"href":"https:\/\/le12.ma\/fr\/wp-json\/wp\/v2\/tags?post=33910"},{"taxonomy":"yst_prominent_words","embeddable":true,"href":"https:\/\/le12.ma\/fr\/wp-json\/wp\/v2\/yst_prominent_words?post=33910"}],"curies":[{"name":"wp","href":"https:\/\/api.w.org\/{rel}","templated":true}]}}