{"id":33883,"date":"2023-07-03T10:09:43","date_gmt":"2023-07-03T09:09:43","guid":{"rendered":"https:\/\/le12.ma\/fr\/?p=33883"},"modified":"2023-07-03T10:09:43","modified_gmt":"2023-07-03T09:09:43","slug":"mineur-tue-par-la-police-45-000-policiers-et-gendarmes-mobilises-dimanche-soir-dans-toute-la-france","status":"publish","type":"post","link":"https:\/\/le12.ma\/fr\/mineur-tue-par-la-police-45-000-policiers-et-gendarmes-mobilises-dimanche-soir-dans-toute-la-france\/","title":{"rendered":"Mineur tu\u00e9 par la police: 45.000 policiers et gendarmes mobilis\u00e9s dimanche soir dans toute la France"},"content":{"rendered":"<h2><strong>Un total de 45.000 <a href=\"https:\/\/www.mapexpress.ma\/actualite\/monde\/mineur-tue-police-45-000-policiers-gendarmes-mobilises-dimanche-soir-france\/\">policiers<\/a> et gendarmes seront mobilis\u00e9s ce dimanche soir partout en France pour tenter de maintenir le calme face aux violences urbaines qui agitent le pays depuis la mort du jeune Nahel, mardi \u00e0 Nanterre, par un policier, a annonc\u00e9 le ministre fran\u00e7ais de l\u2019Int\u00e9rieur, G\u00e9rald Darmanin.<\/strong><\/h2>\n<p><strong>Selon Beauvau, le <a href=\"https:\/\/le12.ma\/fr\/marrakech-un-policier-contraint-dutiliser-son-arme-pour-interpeller-un-individu-ayant-mis-en-danger-des-policiers\/\">ministre<\/a> de l\u2019Int\u00e9rieur \u201ca donn\u00e9 des consignes de fermet\u00e9 et a demand\u00e9, comme pr\u00e9c\u00e9demment, que des interpellations soient men\u00e9es d\u00e8s que possible\u201d.<\/strong><\/p>\n<p><strong>La nuit pass\u00e9e, le minist\u00e8re fran\u00e7ais de l\u2019Int\u00e9rieur avait annonc\u00e9 que plus de 700 personnes ont \u00e9t\u00e9 interpell\u00e9es lors d\u2019une cinqui\u00e8me soir\u00e9e de violences et d\u2019affrontements entre jeunes en col\u00e8re, suite \u00e0 la mort du jeune Nahel par un tir d\u2019un policier lors d\u2019un contr\u00f4le routier.<\/strong><\/p>\n<p><strong>Le bilan de cette nuit d\u2019affrontements \u00e9tabli par Beauvau fait \u00e9galement \u00e9tat de 45 policiers et gendarmes bless\u00e9s, 577 v\u00e9hicules et 74 b\u00e2timents incendi\u00e9s, tandis que 871 incendies ont \u00e9t\u00e9 comptabilis\u00e9s sur la voie publique.<\/strong><\/p>\n<p><strong>La nuit de samedi \u00e0 dimanche a aussi \u00e9t\u00e9 marqu\u00e9e par l\u2019attaque violente du domicile du maire de L\u2019Ha\u00ff-les-Roses, dans le Val-de-Marne (r\u00e9gion \u00cele-de-France), par une voiture projet\u00e9e \u00e0 l\u2019int\u00e9rieur de la propri\u00e9t\u00e9, qui a ensuite \u00e9t\u00e9 incendi\u00e9e.<\/strong><\/p>\n<p><strong>Des restrictions de transports sont maintenues dans de nombreuses villes, notamment \u00e0 la capitale, Lyon et Marseille. Certaines communes ont par ailleurs instaur\u00e9 des couvre-feux locaux pour tout ou partie de sa population.<\/strong><\/p>\n<p><strong>Le gouvernement, qui redoute un sc\u00e9nario similaire aux trois semaines d\u2019\u00e9meutes des banlieues de 2005 suite \u00e0 la mort de deux jeunes \u00e0 Clichy-Sous-Bois, dans la petite couronne de Paris, a d\u00e9cid\u00e9 aussi l\u2019annulation d\u2019\u00e9v\u00e9nements de grande ampleur.<\/strong><\/p>\n<p><strong>Dans le cadre de ces violences urbaines, qui se poursuivent depuis mardi, plusieurs pays, dont les Etats-Uni et le Royaume-Uni, ont appel\u00e9 leurs ressortissants en France ou souhaitant se rendre dans l\u2019hexagone \u00e0 la vigilance et \u00e0 \u00e9viter les rassemblements de masse.<\/strong><\/p>\n","protected":false},"excerpt":{"rendered":"<p>Un total de 45.000 policiers et gendarmes seront mobilis\u00e9s ce dimanche soir partout en France pour tenter de maintenir le calme face aux violences urbaines qui agitent le pays depuis la mort du jeune Nahel, mardi \u00e0 Nanterre, par un policier, a annonc\u00e9 le ministre fran\u00e7ais de l\u2019Int\u00e9rieur, G\u00e9rald Darmanin. Selon Beauvau, le ministre de [&hellip;]<\/p>\n","protected":false},"author":10,"featured_media":33884,"comment_status":"open","ping_status":"open","sticky":false,"template":"","format":"standard","meta":[],"categories":[28,54,24],"tags":[11271,7815],"yst_prominent_words":[2615,2218,121,1239,98,5906],"jetpack_featured_media_url":"https:\/\/le12.ma\/fr\/wp-content\/uploads\/2023\/07\/police-violences-urbaines-lyon-20-juin-2023-b74b17-0@1x.jpeg","_links":{"self":[{"href":"https:\/\/le12.ma\/fr\/wp-json\/wp\/v2\/posts\/33883"}],"collection":[{"href":"https:\/\/le12.ma\/fr\/wp-json\/wp\/v2\/posts"}],"about":[{"href":"https:\/\/le12.ma\/fr\/wp-json\/wp\/v2\/types\/post"}],"author":[{"embeddable":true,"href":"https:\/\/le12.ma\/fr\/wp-json\/wp\/v2\/users\/10"}],"replies":[{"embeddable":true,"href":"https:\/\/le12.ma\/fr\/wp-json\/wp\/v2\/comments?post=33883"}],"version-history":[{"count":1,"href":"https:\/\/le12.ma\/fr\/wp-json\/wp\/v2\/posts\/33883\/revisions"}],"predecessor-version":[{"id":33885,"href":"https:\/\/le12.ma\/fr\/wp-json\/wp\/v2\/posts\/33883\/revisions\/33885"}],"wp:featuredmedia":[{"embeddable":true,"href":"https:\/\/le12.ma\/fr\/wp-json\/wp\/v2\/media\/33884"}],"wp:attachment":[{"href":"https:\/\/le12.ma\/fr\/wp-json\/wp\/v2\/media?parent=33883"}],"wp:term":[{"taxonomy":"category","embeddable":true,"href":"https:\/\/le12.ma\/fr\/wp-json\/wp\/v2\/categories?post=33883"},{"taxonomy":"post_tag","embeddable":true,"href":"https:\/\/le12.ma\/fr\/wp-json\/wp\/v2\/tags?post=33883"},{"taxonomy":"yst_prominent_words","embeddable":true,"href":"https:\/\/le12.ma\/fr\/wp-json\/wp\/v2\/yst_prominent_words?post=33883"}],"curies":[{"name":"wp","href":"https:\/\/api.w.org\/{rel}","templated":true}]}}