{"id":33824,"date":"2023-06-27T15:08:08","date_gmt":"2023-06-27T14:08:08","guid":{"rendered":"https:\/\/le12.ma\/fr\/?p=33824"},"modified":"2023-06-27T15:08:08","modified_gmt":"2023-06-27T14:08:08","slug":"agadir-un-medecin-a-la-retraite-interpelle-pour-pratique-davortement-illegal","status":"publish","type":"post","link":"https:\/\/le12.ma\/fr\/agadir-un-medecin-a-la-retraite-interpelle-pour-pratique-davortement-illegal\/","title":{"rendered":"Agadir: un m\u00e9decin \u00e0 la retraite interpell\u00e9 pour pratique d\u2019avortement ill\u00e9gal"},"content":{"rendered":"<h2><strong>Les <a href=\"https:\/\/www.mapexpress.ma\/actualite\/societe-et-regions\/agadir-medecin-retraite-interpelle-pratique-davortement-illegal\/\">\u00e9l\u00e9ments<\/a> du service pr\u00e9fectoral de la police judiciaire d\u2019Agadir ont interpell\u00e9, lundi apr\u00e8s-midi, un m\u00e9decin \u00e0 la retraite, \u00e2g\u00e9 de 65 ans, pour son implication pr\u00e9sum\u00e9e dans la pratique de l\u2019avortement de mani\u00e8re ill\u00e9gale, apprend-on de source s\u00e9curitaire.<\/strong><\/h2>\n<p><strong>Le mis en cause, aux <a href=\"https:\/\/le12.ma\/fr\/agadir-ouverture-dune-enquete-judiciaire-pour-elucider-les-circonstances-entourant-la-grave-agression-physique-a-larme-blanche-dun-brigadier-de-police-sur-la-voie-publique\/\">ant\u00e9c\u00e9dents<\/a> judiciaires dans des affaires d\u2019avortement clandestin, a \u00e9t\u00e9 interpel\u00e9 lors d\u2019une op\u00e9ration s\u00e9curitaire men\u00e9e \u00e0 l\u2019int\u00e9rieur d\u2019un appartement dans la ville d\u2019Agadir.<\/strong><\/p>\n<p><strong>Le pr\u00e9venu a \u00e9t\u00e9 surpris en flagrant d\u00e9lit de pratique d\u2019une op\u00e9ration d\u2019avortement sur une femme \u00e2g\u00e9e de 22 ans, en pr\u00e9sence d\u2019une femme de ses connaissances, dans des conditions ne respectant pas les normes d\u2019hygi\u00e8ne, pr\u00e9cise-t-on.<\/strong><\/p>\n<p><strong>Les investigations ont \u00e9galement conduit \u00e0 l\u2019arrestation d\u2019une secr\u00e9taire en fonction dans une autre clinique m\u00e9dicale soup\u00e7onn\u00e9e d\u2019avoir particip\u00e9 \u00e0 cet acte criminel.<\/strong><\/p>\n<p><strong>Le mis en cause principal, la secr\u00e9taire et les deux femmes ont \u00e9t\u00e9 plac\u00e9s en garde \u00e0 vue \u00e0 la disposition de l\u2019enqu\u00eate men\u00e9e sous la supervision du parquet comp\u00e9tent en vue d\u2019\u00e9lucider les tenants et aboutissants de cette affaires et d\u00e9terminer l\u2019ensemble des actes criminels qui leur sont reproch\u00e9s, ajoute la m\u00eame source.<\/strong><\/p>\n","protected":false},"excerpt":{"rendered":"<p>Les \u00e9l\u00e9ments du service pr\u00e9fectoral de la police judiciaire d\u2019Agadir ont interpell\u00e9, lundi apr\u00e8s-midi, un m\u00e9decin \u00e0 la retraite, \u00e2g\u00e9 de 65 ans, pour son implication pr\u00e9sum\u00e9e dans la pratique de l\u2019avortement de mani\u00e8re ill\u00e9gale, apprend-on de source s\u00e9curitaire. Le mis en cause, aux ant\u00e9c\u00e9dents judiciaires dans des affaires d\u2019avortement clandestin, a \u00e9t\u00e9 interpel\u00e9 lors [&hellip;]<\/p>\n","protected":false},"author":10,"featured_media":33825,"comment_status":"open","ping_status":"open","sticky":false,"template":"","format":"standard","meta":[],"categories":[28,9268,54],"tags":[10283,6741],"yst_prominent_words":[197,919,3242,2766,2416,1677,653,4523,162,1505],"jetpack_featured_media_url":"https:\/\/le12.ma\/fr\/wp-content\/uploads\/2023\/06\/police.jpg","_links":{"self":[{"href":"https:\/\/le12.ma\/fr\/wp-json\/wp\/v2\/posts\/33824"}],"collection":[{"href":"https:\/\/le12.ma\/fr\/wp-json\/wp\/v2\/posts"}],"about":[{"href":"https:\/\/le12.ma\/fr\/wp-json\/wp\/v2\/types\/post"}],"author":[{"embeddable":true,"href":"https:\/\/le12.ma\/fr\/wp-json\/wp\/v2\/users\/10"}],"replies":[{"embeddable":true,"href":"https:\/\/le12.ma\/fr\/wp-json\/wp\/v2\/comments?post=33824"}],"version-history":[{"count":1,"href":"https:\/\/le12.ma\/fr\/wp-json\/wp\/v2\/posts\/33824\/revisions"}],"predecessor-version":[{"id":33826,"href":"https:\/\/le12.ma\/fr\/wp-json\/wp\/v2\/posts\/33824\/revisions\/33826"}],"wp:featuredmedia":[{"embeddable":true,"href":"https:\/\/le12.ma\/fr\/wp-json\/wp\/v2\/media\/33825"}],"wp:attachment":[{"href":"https:\/\/le12.ma\/fr\/wp-json\/wp\/v2\/media?parent=33824"}],"wp:term":[{"taxonomy":"category","embeddable":true,"href":"https:\/\/le12.ma\/fr\/wp-json\/wp\/v2\/categories?post=33824"},{"taxonomy":"post_tag","embeddable":true,"href":"https:\/\/le12.ma\/fr\/wp-json\/wp\/v2\/tags?post=33824"},{"taxonomy":"yst_prominent_words","embeddable":true,"href":"https:\/\/le12.ma\/fr\/wp-json\/wp\/v2\/yst_prominent_words?post=33824"}],"curies":[{"name":"wp","href":"https:\/\/api.w.org\/{rel}","templated":true}]}}